{"id":33136,"date":"2009-12-07T18:54:23","date_gmt":"2009-12-07T18:54:23","guid":{"rendered":"http:\/\/www.pcnen.com\/portal\/?p=33136"},"modified":"2009-12-07T18:54:23","modified_gmt":"2009-12-07T18:54:23","slug":"eu-pohvalila-napredak-podgorice","status":"publish","type":"post","link":"https:\/\/www.pcnen.com\/portal\/2009\/12\/07\/eu-pohvalila-napredak-podgorice\/","title":{"rendered":"EU pohvalila napredak Podgorice"},"content":{"rendered":"<p>Savjet ministara Evropske unije pohvalio je napredak Crne Gore u evropskim reformama i primjeni trgovinskog sporazuma s EU, prenosi <em>Beta<\/em>. <\/p>\n<p>Ministri inostranih poslova EU istakli su ve\u010deras u Briselu i da \u0107e o kandidaturi Podgorice za \u010dlanstvo ponovo raspravljati kad o tome dobije &quot;mi&scaron;ljenje&quot; Evropske komisije. <\/p>\n<p>&Scaron;efovi diplomatija EU su u zaklju\u010dcima zasijedanja podvukli i da &quot;Crna Gora mora oja\u010dati napore za u\u010dvr&scaron;\u0107enje vladavine zakona, uklju\u010duju\u0107i nezavisnost sudstva, kao i da poka\u017ee postojane rezultate u bici protiv organizovanog kriminala i korupcije&quot;. <\/p>\n<p>&quot;Ja\u010danje kapaciteta dr\u017eavne uprave kako bi se istinski sproveli zakoni i dalje je klju\u010dni izazov za Crnu Goru&quot;, stavili su do znanja ministri evropske dvadesetsedmorice. <\/p>\n<p>&quot;Vi&scaron;e napora mora se ulo\u017eiti da bi se obezbijedila sloboda izra\u017eavanja, posebno kad je rije\u010d o sredstvima informisanja&quot;, ocijenili su ministri EU. <\/p>\n<p>Ministri EU podsje\u0107aju da su u aprilu 2009. zatra\u017eili od Evropske komisije da im predo\u010di &quot;mi&scaron;ljenje&quot; o molbi Podgorice za \u010dlanstvo u EU i naveli da \u0107e to biti razmatrano u skladu s na\u010delima u Ugovoru (o EU), politi\u010dkim EU &quot;mjerilima iz Kopenhagena&quot; o nu\u017enosti djelovanja politi\u010dke demokratije i efikasne tr\u017ei&scaron;ne privrede, kao i &quot;obnovljenog jednoglasja o daljem pro&scaron;irivanju&quot; EU. <\/p>\n<p>&quot;Savjet (ministara EU) je saglasan da to ponovo razmotri kad mu Komisija podnese svoje &#8216;mi&scaron;ljenje'&quot;, zaklju\u010dili su &scaron;efovi diplomatija evropske dvadesetsedmorice. <\/p>\n","protected":false},"excerpt":{"rendered":"<p>Savjet ministara Evropske unije pohvalio je napredak Crne Gore u evropskim reformama i primjeni trgovinskog sporazuma s EU, prenosi Beta. Ministri inostranih poslova EU istakli su ve\u010deras u Briselu i da \u0107e o kandidaturi Podgorice za \u010dlanstvo ponovo raspravljati kad o tome dobije &quot;mi&scaron;ljenje&quot; Evropske komisije. &Scaron;efovi diplomatija EU su u zaklju\u010dcima zasijedanja podvukli i [&hellip;]<\/p>\n","protected":false},"author":1,"featured_media":0,"comment_status":"open","ping_status":"closed","sticky":false,"template":"","format":"standard","meta":{"_seopress_robots_primary_cat":"","_seopress_titles_title":"","_seopress_titles_desc":"","_seopress_robots_index":"","_et_pb_use_builder":"","_et_pb_old_content":"","_et_gb_content_width":"","inline_featured_image":false,"footnotes":""},"categories":[14],"tags":[],"class_list":["post-33136","post","type-post","status-publish","format-standard","hentry","category-vijesti"],"_links":{"self":[{"href":"https:\/\/www.pcnen.com\/portal\/wp-json\/wp\/v2\/posts\/33136","targetHints":{"allow":["GET"]}}],"collection":[{"href":"https:\/\/www.pcnen.com\/portal\/wp-json\/wp\/v2\/posts"}],"about":[{"href":"https:\/\/www.pcnen.com\/portal\/wp-json\/wp\/v2\/types\/post"}],"author":[{"embeddable":true,"href":"https:\/\/www.pcnen.com\/portal\/wp-json\/wp\/v2\/users\/1"}],"replies":[{"embeddable":true,"href":"https:\/\/www.pcnen.com\/portal\/wp-json\/wp\/v2\/comments?post=33136"}],"version-history":[{"count":0,"href":"https:\/\/www.pcnen.com\/portal\/wp-json\/wp\/v2\/posts\/33136\/revisions"}],"wp:attachment":[{"href":"https:\/\/www.pcnen.com\/portal\/wp-json\/wp\/v2\/media?parent=33136"}],"wp:term":[{"taxonomy":"category","embeddable":true,"href":"https:\/\/www.pcnen.com\/portal\/wp-json\/wp\/v2\/categories?post=33136"},{"taxonomy":"post_tag","embeddable":true,"href":"https:\/\/www.pcnen.com\/portal\/wp-json\/wp\/v2\/tags?post=33136"}],"curies":[{"name":"wp","href":"https:\/\/api.w.org\/{rel}","templated":true}]}}