{"id":33133,"date":"2009-12-07T15:48:44","date_gmt":"2009-12-07T15:48:44","guid":{"rendered":"http:\/\/www.pcnen.com\/portal\/?p=33133"},"modified":"2009-12-07T15:48:44","modified_gmt":"2009-12-07T15:48:44","slug":"njemacka-placa-odstetu-civilnim-zrtvama-u-avganistanu","status":"publish","type":"post","link":"https:\/\/www.pcnen.com\/portal\/2009\/12\/07\/njemacka-placa-odstetu-civilnim-zrtvama-u-avganistanu\/","title":{"rendered":"Njema\u010dka pla\u0107a od\u0161tetu civilnim \u017ertvama u Avganistanu"},"content":{"rendered":"<p>Njema\u010dka vlada spremna je da plati od&scaron;tetu civilnim \u017ertvama vazdu&scaron;nog napada na sjeveru Avganistana koji je po\u010detkom septembra izveden po naredbi njema\u010dkog oficira u sastavu me\u0111unarodnih snaga ISAF, saop&scaron;tio je predstavnik Ministarstva odbrane u Berlinu, navode\u0107i da se trenutno sa advokatom \u017ertava pregovara o na\u010dinu na koji bi ovaj slu\u010daj mogao da bude rije&scaron;en. <\/p>\n","protected":false},"excerpt":{"rendered":"<p>Njema\u010dka vlada spremna je da plati od&scaron;tetu civilnim \u017ertvama vazdu&scaron;nog napada na sjeveru Avganistana koji je po\u010detkom septembra izveden po naredbi njema\u010dkog oficira u sastavu me\u0111unarodnih snaga ISAF, saop&scaron;tio je predstavnik Ministarstva odbrane u Berlinu, navode\u0107i da se trenutno sa advokatom \u017ertava pregovara o na\u010dinu na koji bi ovaj slu\u010daj mogao da bude rije&scaron;en.<\/p>\n","protected":false},"author":1,"featured_media":0,"comment_status":"open","ping_status":"closed","sticky":false,"template":"","format":"standard","meta":{"_seopress_robots_primary_cat":"","_seopress_titles_title":"","_seopress_titles_desc":"","_seopress_robots_index":"","_et_pb_use_builder":"","_et_pb_old_content":"","_et_gb_content_width":"","inline_featured_image":false,"footnotes":""},"categories":[14],"tags":[],"class_list":["post-33133","post","type-post","status-publish","format-standard","hentry","category-vijesti"],"_links":{"self":[{"href":"https:\/\/www.pcnen.com\/portal\/wp-json\/wp\/v2\/posts\/33133","targetHints":{"allow":["GET"]}}],"collection":[{"href":"https:\/\/www.pcnen.com\/portal\/wp-json\/wp\/v2\/posts"}],"about":[{"href":"https:\/\/www.pcnen.com\/portal\/wp-json\/wp\/v2\/types\/post"}],"author":[{"embeddable":true,"href":"https:\/\/www.pcnen.com\/portal\/wp-json\/wp\/v2\/users\/1"}],"replies":[{"embeddable":true,"href":"https:\/\/www.pcnen.com\/portal\/wp-json\/wp\/v2\/comments?post=33133"}],"version-history":[{"count":0,"href":"https:\/\/www.pcnen.com\/portal\/wp-json\/wp\/v2\/posts\/33133\/revisions"}],"wp:attachment":[{"href":"https:\/\/www.pcnen.com\/portal\/wp-json\/wp\/v2\/media?parent=33133"}],"wp:term":[{"taxonomy":"category","embeddable":true,"href":"https:\/\/www.pcnen.com\/portal\/wp-json\/wp\/v2\/categories?post=33133"},{"taxonomy":"post_tag","embeddable":true,"href":"https:\/\/www.pcnen.com\/portal\/wp-json\/wp\/v2\/tags?post=33133"}],"curies":[{"name":"wp","href":"https:\/\/api.w.org\/{rel}","templated":true}]}}