{"id":33132,"date":"2009-12-07T15:35:18","date_gmt":"2009-12-07T15:35:18","guid":{"rendered":"http:\/\/www.pcnen.com\/portal\/?p=33132"},"modified":"2009-12-07T15:35:18","modified_gmt":"2009-12-07T15:35:18","slug":"bozidar-vucurevic-se-nece-pojaviti-na-sudenju","status":"publish","type":"post","link":"https:\/\/www.pcnen.com\/portal\/2009\/12\/07\/bozidar-vucurevic-se-nece-pojaviti-na-sudenju\/","title":{"rendered":"Bo\u017eidar Vu\u010durevi\u0107 se ne\u0107e pojaviti na su\u0111enju"},"content":{"rendered":"<p>U&nbsp;dubrova\u010dkom \u017dupanijskom sudu od 14. do 23. decembra zakazana je glavna rasprava u su\u0111enju protiv ratnog predsjednika SAO Hercegovina Bo\u017eidara Vu\u010durevi\u0107a.<\/p>\n<p>Vu\u010durevi\u0107 se tereti za ratne zlo\u010dine protiv civilnog stanovni&scaron;tva i granatiranje istorijske jezgre Dubrovnika, a poznat je po izjavi da \u0107e &quot;sagraditi jo&scaron; ljep&scaron;i i stariji Dubrovnik&quot;.<\/p>\n<p>Prema rije\u010dima njegovog advokata Dina Had\u017eiomerovi\u0107a, on se ne\u0107e pojaviti na su\u0111enju, a rasprava \u0107e biti odgo\u0111ena, jer ne postoje uslovi za su\u0111enje u odsutnosti, pi&scaron;e <em>Slobodna Dalmacija.<\/em><\/p>\n<p>Vu\u010durevi\u0107 se krije u BiH, a trenutno ne postoji mogu\u0107nost njegovog izru\u010denja u BiH. Ipak, u \u017dupanijskom sudu u Dubrovniku ra\u010dunaju da \u0107e za njegovog \u017eivota BiH i Hrvatska biti u EU, pa se ne\u0107e mo\u0107i kriti od hrvatskog pravosu\u0111a u susjednoj dr\u017eavi.<\/p>\n","protected":false},"excerpt":{"rendered":"<p>U&nbsp;dubrova\u010dkom \u017dupanijskom sudu od 14. do 23. decembra zakazana je glavna rasprava u su\u0111enju protiv ratnog predsjednika SAO Hercegovina Bo\u017eidara Vu\u010durevi\u0107a. Vu\u010durevi\u0107 se tereti za ratne zlo\u010dine protiv civilnog stanovni&scaron;tva i granatiranje istorijske jezgre Dubrovnika, a poznat je po izjavi da \u0107e &quot;sagraditi jo&scaron; ljep&scaron;i i stariji Dubrovnik&quot;. Prema rije\u010dima njegovog advokata Dina Had\u017eiomerovi\u0107a, on [&hellip;]<\/p>\n","protected":false},"author":1,"featured_media":0,"comment_status":"open","ping_status":"closed","sticky":false,"template":"","format":"standard","meta":{"_seopress_robots_primary_cat":"","_seopress_titles_title":"","_seopress_titles_desc":"","_seopress_robots_index":"","_et_pb_use_builder":"","_et_pb_old_content":"","_et_gb_content_width":"","inline_featured_image":false,"footnotes":""},"categories":[14],"tags":[],"class_list":["post-33132","post","type-post","status-publish","format-standard","hentry","category-vijesti"],"_links":{"self":[{"href":"https:\/\/www.pcnen.com\/portal\/wp-json\/wp\/v2\/posts\/33132","targetHints":{"allow":["GET"]}}],"collection":[{"href":"https:\/\/www.pcnen.com\/portal\/wp-json\/wp\/v2\/posts"}],"about":[{"href":"https:\/\/www.pcnen.com\/portal\/wp-json\/wp\/v2\/types\/post"}],"author":[{"embeddable":true,"href":"https:\/\/www.pcnen.com\/portal\/wp-json\/wp\/v2\/users\/1"}],"replies":[{"embeddable":true,"href":"https:\/\/www.pcnen.com\/portal\/wp-json\/wp\/v2\/comments?post=33132"}],"version-history":[{"count":0,"href":"https:\/\/www.pcnen.com\/portal\/wp-json\/wp\/v2\/posts\/33132\/revisions"}],"wp:attachment":[{"href":"https:\/\/www.pcnen.com\/portal\/wp-json\/wp\/v2\/media?parent=33132"}],"wp:term":[{"taxonomy":"category","embeddable":true,"href":"https:\/\/www.pcnen.com\/portal\/wp-json\/wp\/v2\/categories?post=33132"},{"taxonomy":"post_tag","embeddable":true,"href":"https:\/\/www.pcnen.com\/portal\/wp-json\/wp\/v2\/tags?post=33132"}],"curies":[{"name":"wp","href":"https:\/\/api.w.org\/{rel}","templated":true}]}}