{"id":33131,"date":"2009-12-07T14:58:47","date_gmt":"2009-12-07T14:58:47","guid":{"rendered":"http:\/\/www.pcnen.com\/portal\/?p=33131"},"modified":"2009-12-07T14:58:47","modified_gmt":"2009-12-07T14:58:47","slug":"srbija-veci-zagadivac-nego-neke-ekonomske-sile","status":"publish","type":"post","link":"https:\/\/www.pcnen.com\/portal\/2009\/12\/07\/srbija-veci-zagadivac-nego-neke-ekonomske-sile\/","title":{"rendered":"Srbija ve\u0107i zaga\u0111iva\u010d nego neke ekonomske sile"},"content":{"rendered":"<p>Srbija kasni u trci sa vremenom u borbi protiv klimatskih promjena, a ova zemlja je po glavi stanovnika ve\u0107i zaga\u010diva\u010d nego mnogo ja\u010de ekonomske sile, re\u010deno je na konferenciji za novinare ekolo&scaron;kog &quot;Bels&quot; pokreta u Srbiji, povodom samita o klimatskim promjenama koji je po\u010deo u Kopenhagenu. <\/p>\n<p>Predstavnik &quot;Belsa&quot; Zvezdan Kalmar rekao je da skoro 65 do 80 odsto emisija zaga\u0111iva\u010da u Srbiji dolazi od energetskog sektora, a potom slijede poljoprivreda i transport. <\/p>\n<p>On je rekao da je Srbija 6,8 puta energetski intenzivnija nego &scaron;to je svjetski prosjek i da je vrijeme da po\u010dne da se pona&scaron;a kao veliki zaga\u0111iva\u010d, a ne &quot;kao mala nedu\u017ena dr\u017eavica u razvoju&quot;. <\/p>\n<p>Predstavnica pokreta Aleksandra Knez Milojkovi\u0107 navela je da su ovaj i sli\u010dni regionalni pokreti uputili pismo najvi&scaron;im dr\u017eavnim zvani\u010dnicima u regionu, u kojima su ih pozvali da bude napravljen Klimatski akcioni plan za zapadni Balkan i intenzivirana regionalna saradnja o ovom pitanju, prenosi portal <em>Biznis.ba<\/em>. <\/p>\n<p>U pismu, koje su regionalni &quot;Bels&quot; pokreti objavili danas minut do dvanaest u svim zemljama regiona, insistira se da lideri zemalja zapadnog Balkana, odmah poslije Kopenhagena, po\u010dnu sa konkretnim akcijama i sa\u010dine nacionalne planove kao odgovor na klimatske promjene. <\/p>\n<p>Od lidera regiona se tra\u017ei da za&scaron;tite gra\u0111ane i prije ulaska njihovih zemalja u EU, te da se budu\u0107e investicije, osim procjene uticaja na \u017eivotnu sredinu, uklju\u010de i u procjene uticaja na klimatske promjene. <\/p>\n<p>Dr\u017eavni sekretar u Ministarstvu \u017eivotne sredine Srbije Ivica Radovi\u0107 rekao je da se vi&scaron;e od 30 odsto zakona, koje ova dr\u017eava mora da usaglasi sa evropskim zakonodavstvom, odnosi na zakone iz oblasti za&scaron;tite \u017eivotne sredine. <\/p>\n<p>On je dodao da je Ministarstvo do sada usaglasilo vi&scaron;e od 90 odsto potrebnih zakona iz ove oblasti, ali da je problem njihova slaba provodivost na lokalnom nivou. <\/p>\n","protected":false},"excerpt":{"rendered":"<p>Srbija kasni u trci sa vremenom u borbi protiv klimatskih promjena, a ova zemlja je po glavi stanovnika ve\u0107i zaga\u010diva\u010d nego mnogo ja\u010de ekonomske sile, re\u010deno je na konferenciji za novinare ekolo&scaron;kog &quot;Bels&quot; pokreta u Srbiji, povodom samita o klimatskim promjenama koji je po\u010deo u Kopenhagenu. Predstavnik &quot;Belsa&quot; Zvezdan Kalmar rekao je da skoro 65 [&hellip;]<\/p>\n","protected":false},"author":1,"featured_media":0,"comment_status":"open","ping_status":"closed","sticky":false,"template":"","format":"standard","meta":{"_seopress_robots_primary_cat":"","_seopress_titles_title":"","_seopress_titles_desc":"","_seopress_robots_index":"","_et_pb_use_builder":"","_et_pb_old_content":"","_et_gb_content_width":"","inline_featured_image":false,"footnotes":""},"categories":[14],"tags":[],"class_list":["post-33131","post","type-post","status-publish","format-standard","hentry","category-vijesti"],"_links":{"self":[{"href":"https:\/\/www.pcnen.com\/portal\/wp-json\/wp\/v2\/posts\/33131","targetHints":{"allow":["GET"]}}],"collection":[{"href":"https:\/\/www.pcnen.com\/portal\/wp-json\/wp\/v2\/posts"}],"about":[{"href":"https:\/\/www.pcnen.com\/portal\/wp-json\/wp\/v2\/types\/post"}],"author":[{"embeddable":true,"href":"https:\/\/www.pcnen.com\/portal\/wp-json\/wp\/v2\/users\/1"}],"replies":[{"embeddable":true,"href":"https:\/\/www.pcnen.com\/portal\/wp-json\/wp\/v2\/comments?post=33131"}],"version-history":[{"count":0,"href":"https:\/\/www.pcnen.com\/portal\/wp-json\/wp\/v2\/posts\/33131\/revisions"}],"wp:attachment":[{"href":"https:\/\/www.pcnen.com\/portal\/wp-json\/wp\/v2\/media?parent=33131"}],"wp:term":[{"taxonomy":"category","embeddable":true,"href":"https:\/\/www.pcnen.com\/portal\/wp-json\/wp\/v2\/categories?post=33131"},{"taxonomy":"post_tag","embeddable":true,"href":"https:\/\/www.pcnen.com\/portal\/wp-json\/wp\/v2\/tags?post=33131"}],"curies":[{"name":"wp","href":"https:\/\/api.w.org\/{rel}","templated":true}]}}