{"id":33130,"date":"2009-12-07T14:53:34","date_gmt":"2009-12-07T14:53:34","guid":{"rendered":"http:\/\/www.pcnen.com\/portal\/?p=33130"},"modified":"2009-12-07T14:53:34","modified_gmt":"2009-12-07T14:53:34","slug":"b92-trazi-da-drzava-zastiti-novinare","status":"publish","type":"post","link":"https:\/\/www.pcnen.com\/portal\/2009\/12\/07\/b92-trazi-da-drzava-zastiti-novinare\/","title":{"rendered":"B92 tra\u017ei da dr\u017eava za\u0161titi novinare"},"content":{"rendered":"<p>Beogradska televizija B92 je uputila poziv dr\u017eavnim tijelima da za&scaron;tite novinare i prona\u0111u osobe koje su, nakon &scaron;to je na toj televiziji prikazana emisija o vo\u0111ama ekstremnih navija\u010dkih grupa, putem interneta i grafita na zidovima uputile prijetnje autorima emisije.<\/p>\n<p>Autorima emisije &quot;Insajder&quot; upu\u0107ene su izme\u0111u ostalog prijetnje silovanjem, klanjem i ubistvom, nakon &scaron;to je emitovana prva epizoda serijala pod naslovom <a href=\"http:\/\/www.b92.net\/info\/emisije\/insajder.php?yyyy=2009&amp;mm=12&amp;nav_id=396582\">&quot;(Ne)mo\u0107 dr\u017eave&quot;,<\/a> u kojoj je javnosti predo\u010den sadr\u017eaj vi&scaron;e od stotinu krivi\u010dnih prijava koje je posljednjih godina policija podnosila protiv vo\u0111a navija\u010dkih grupa, nakon kojih, po pravilu nije bilo pravosna\u017enih presuda. <\/p>\n<p>Vulgarni i neumjesni komentari, kao i prijetnje autorici emisije Brankici Stankovi\u0107 upu\u0107eni su nakon &scaron;to je u \u010detvrtak nave\u010de emitovan prvi dio emisije u kojoj su objavljena imena, prezimena i fotografije huligana, kao i krivi\u010dna djela za koja su osumnji\u010deni.<\/p>\n","protected":false},"excerpt":{"rendered":"<p>Beogradska televizija B92 je uputila poziv dr\u017eavnim tijelima da za&scaron;tite novinare i prona\u0111u osobe koje su, nakon &scaron;to je na toj televiziji prikazana emisija o vo\u0111ama ekstremnih navija\u010dkih grupa, putem interneta i grafita na zidovima uputile prijetnje autorima emisije. Autorima emisije &quot;Insajder&quot; upu\u0107ene su izme\u0111u ostalog prijetnje silovanjem, klanjem i ubistvom, nakon &scaron;to je emitovana [&hellip;]<\/p>\n","protected":false},"author":1,"featured_media":0,"comment_status":"open","ping_status":"closed","sticky":false,"template":"","format":"standard","meta":{"_seopress_robots_primary_cat":"","_seopress_titles_title":"","_seopress_titles_desc":"","_seopress_robots_index":"","_et_pb_use_builder":"","_et_pb_old_content":"","_et_gb_content_width":"","inline_featured_image":false,"footnotes":""},"categories":[14],"tags":[],"class_list":["post-33130","post","type-post","status-publish","format-standard","hentry","category-vijesti"],"_links":{"self":[{"href":"https:\/\/www.pcnen.com\/portal\/wp-json\/wp\/v2\/posts\/33130","targetHints":{"allow":["GET"]}}],"collection":[{"href":"https:\/\/www.pcnen.com\/portal\/wp-json\/wp\/v2\/posts"}],"about":[{"href":"https:\/\/www.pcnen.com\/portal\/wp-json\/wp\/v2\/types\/post"}],"author":[{"embeddable":true,"href":"https:\/\/www.pcnen.com\/portal\/wp-json\/wp\/v2\/users\/1"}],"replies":[{"embeddable":true,"href":"https:\/\/www.pcnen.com\/portal\/wp-json\/wp\/v2\/comments?post=33130"}],"version-history":[{"count":0,"href":"https:\/\/www.pcnen.com\/portal\/wp-json\/wp\/v2\/posts\/33130\/revisions"}],"wp:attachment":[{"href":"https:\/\/www.pcnen.com\/portal\/wp-json\/wp\/v2\/media?parent=33130"}],"wp:term":[{"taxonomy":"category","embeddable":true,"href":"https:\/\/www.pcnen.com\/portal\/wp-json\/wp\/v2\/categories?post=33130"},{"taxonomy":"post_tag","embeddable":true,"href":"https:\/\/www.pcnen.com\/portal\/wp-json\/wp\/v2\/tags?post=33130"}],"curies":[{"name":"wp","href":"https:\/\/api.w.org\/{rel}","templated":true}]}}