{"id":33129,"date":"2009-12-07T14:27:20","date_gmt":"2009-12-07T14:27:20","guid":{"rendered":"http:\/\/www.pcnen.com\/portal\/?p=33129"},"modified":"2009-12-07T14:27:20","modified_gmt":"2009-12-07T14:27:20","slug":"dukanovic-sjutra-u-briselu","status":"publish","type":"post","link":"https:\/\/www.pcnen.com\/portal\/2009\/12\/07\/dukanovic-sjutra-u-briselu\/","title":{"rendered":"\u0110ukanovi\u0107 sjutra u Briselu"},"content":{"rendered":"<p>Predsjednik Vlade Crne Gore Milo \u0110ukanovi\u0107 otputova\u0107e sjutra u Brisel, a u srijedu \u0107e evropskom komesaru za pro&scaron;irenje Oli Renu predati odgovore na Upitnik Evropske komisije<\/p>\n<p>Ceremoniji uru\u010denja odgovora prisustvova\u0107e ministri za evropske integracije, inostranih poslova i za finansije Gordana \u0110urovi\u0107, Milan Ro\u0107en i Igor Luk&scaron;i\u0107, najavljeno je iz crnogorske vlade.<\/p>\n<p>Na osnovu odgovora na Upitnik, Evropska komisija treba da pripremi mi&scaron;ljenje o pripremljenosti Crne Gore za priklju\u010denje Evropskoj uniji, javila je <em>Beta<\/em>.<\/p>\n<p>\u0110ukanovi\u0107 \u0107e sjutra u Briselu u\u010destvovati na evropskom samitu na visokom nivou, posve\u0107enom zapadnom Balkanu, gdje \u0107e govoriti na temu &quot;U\u010diniti 2010-2020. dekadom Balkana&quot;. Skup \u0107e otvoriti Oli Ren.<\/p>\n","protected":false},"excerpt":{"rendered":"<p>Predsjednik Vlade Crne Gore Milo \u0110ukanovi\u0107 otputova\u0107e sjutra u Brisel, a u srijedu \u0107e evropskom komesaru za pro&scaron;irenje Oli Renu predati odgovore na Upitnik Evropske komisije Ceremoniji uru\u010denja odgovora prisustvova\u0107e ministri za evropske integracije, inostranih poslova i za finansije Gordana \u0110urovi\u0107, Milan Ro\u0107en i Igor Luk&scaron;i\u0107, najavljeno je iz crnogorske vlade. Na osnovu odgovora na [&hellip;]<\/p>\n","protected":false},"author":1,"featured_media":0,"comment_status":"open","ping_status":"closed","sticky":false,"template":"","format":"standard","meta":{"_seopress_robots_primary_cat":"","_seopress_titles_title":"","_seopress_titles_desc":"","_seopress_robots_index":"","_et_pb_use_builder":"","_et_pb_old_content":"","_et_gb_content_width":"","inline_featured_image":false,"footnotes":""},"categories":[14],"tags":[],"class_list":["post-33129","post","type-post","status-publish","format-standard","hentry","category-vijesti"],"_links":{"self":[{"href":"https:\/\/www.pcnen.com\/portal\/wp-json\/wp\/v2\/posts\/33129","targetHints":{"allow":["GET"]}}],"collection":[{"href":"https:\/\/www.pcnen.com\/portal\/wp-json\/wp\/v2\/posts"}],"about":[{"href":"https:\/\/www.pcnen.com\/portal\/wp-json\/wp\/v2\/types\/post"}],"author":[{"embeddable":true,"href":"https:\/\/www.pcnen.com\/portal\/wp-json\/wp\/v2\/users\/1"}],"replies":[{"embeddable":true,"href":"https:\/\/www.pcnen.com\/portal\/wp-json\/wp\/v2\/comments?post=33129"}],"version-history":[{"count":0,"href":"https:\/\/www.pcnen.com\/portal\/wp-json\/wp\/v2\/posts\/33129\/revisions"}],"wp:attachment":[{"href":"https:\/\/www.pcnen.com\/portal\/wp-json\/wp\/v2\/media?parent=33129"}],"wp:term":[{"taxonomy":"category","embeddable":true,"href":"https:\/\/www.pcnen.com\/portal\/wp-json\/wp\/v2\/categories?post=33129"},{"taxonomy":"post_tag","embeddable":true,"href":"https:\/\/www.pcnen.com\/portal\/wp-json\/wp\/v2\/tags?post=33129"}],"curies":[{"name":"wp","href":"https:\/\/api.w.org\/{rel}","templated":true}]}}