{"id":33117,"date":"2009-12-06T18:27:58","date_gmt":"2009-12-06T18:27:58","guid":{"rendered":"http:\/\/www.pcnen.com\/portal\/?p=33117"},"modified":"2009-12-06T18:27:58","modified_gmt":"2009-12-06T18:27:58","slug":"crnogorski-specijalci-obucavani-u-kuli","status":"publish","type":"post","link":"https:\/\/www.pcnen.com\/portal\/2009\/12\/06\/crnogorski-specijalci-obucavani-u-kuli\/","title":{"rendered":"Crnogorski specijalci obu\u010davani u Kuli"},"content":{"rendered":"<p>Pripadnici Posebne jedinice policije Uprave policije Crne Gore uspje&scaron;no su zavr&scaron;ili zajedni\u010dku obuku sa pripadnicima policijske jedinice \u017dandarmerija Republike Srbije.<\/p>\n<p>Zajedni\u010dka obuka trajala je 28 dana, a odvijala se u nastavnom Centru MUP Srbije u Kuli, <a href=\"http:\/\/www.upravapolicije.com\/uprava_policije_uspjesno-zavrsena-zajednicka-obuka-posebne-jedinice-policije-i-zandarmerije_3751.html\">saop&scaron;tila je<\/a> Uprava policije Crne Gore.<\/p>\n","protected":false},"excerpt":{"rendered":"<p>Pripadnici Posebne jedinice policije Uprave policije Crne Gore uspje&scaron;no su zavr&scaron;ili zajedni\u010dku obuku sa pripadnicima policijske jedinice \u017dandarmerija Republike Srbije. Zajedni\u010dka obuka trajala je 28 dana, a odvijala se u nastavnom Centru MUP Srbije u Kuli, saop&scaron;tila je Uprava policije Crne Gore.<\/p>\n","protected":false},"author":1,"featured_media":0,"comment_status":"open","ping_status":"closed","sticky":false,"template":"","format":"standard","meta":{"_seopress_robots_primary_cat":"","_seopress_titles_title":"","_seopress_titles_desc":"","_seopress_robots_index":"","_et_pb_use_builder":"","_et_pb_old_content":"","_et_gb_content_width":"","inline_featured_image":false,"footnotes":""},"categories":[14],"tags":[],"class_list":["post-33117","post","type-post","status-publish","format-standard","hentry","category-vijesti"],"_links":{"self":[{"href":"https:\/\/www.pcnen.com\/portal\/wp-json\/wp\/v2\/posts\/33117","targetHints":{"allow":["GET"]}}],"collection":[{"href":"https:\/\/www.pcnen.com\/portal\/wp-json\/wp\/v2\/posts"}],"about":[{"href":"https:\/\/www.pcnen.com\/portal\/wp-json\/wp\/v2\/types\/post"}],"author":[{"embeddable":true,"href":"https:\/\/www.pcnen.com\/portal\/wp-json\/wp\/v2\/users\/1"}],"replies":[{"embeddable":true,"href":"https:\/\/www.pcnen.com\/portal\/wp-json\/wp\/v2\/comments?post=33117"}],"version-history":[{"count":0,"href":"https:\/\/www.pcnen.com\/portal\/wp-json\/wp\/v2\/posts\/33117\/revisions"}],"wp:attachment":[{"href":"https:\/\/www.pcnen.com\/portal\/wp-json\/wp\/v2\/media?parent=33117"}],"wp:term":[{"taxonomy":"category","embeddable":true,"href":"https:\/\/www.pcnen.com\/portal\/wp-json\/wp\/v2\/categories?post=33117"},{"taxonomy":"post_tag","embeddable":true,"href":"https:\/\/www.pcnen.com\/portal\/wp-json\/wp\/v2\/tags?post=33117"}],"curies":[{"name":"wp","href":"https:\/\/api.w.org\/{rel}","templated":true}]}}