{"id":33115,"date":"2009-12-06T18:05:04","date_gmt":"2009-12-06T18:05:04","guid":{"rendered":"http:\/\/www.pcnen.com\/portal\/?p=33115"},"modified":"2009-12-06T18:05:04","modified_gmt":"2009-12-06T18:05:04","slug":"radio-dux-zvanicno-u-etru","status":"publish","type":"post","link":"https:\/\/www.pcnen.com\/portal\/2009\/12\/06\/radio-dux-zvanicno-u-etru\/","title":{"rendered":"Radio Dux zvani\u010dno u etru"},"content":{"rendered":"<p><em>Radio Dux<\/em>, \u010dije je sjedi&scaron;te u Donjoj Lastvi kod Tivta, osnovala je Hrvatska krovna zajednica <em>Dux Croatorum <\/em>&nbsp;u interesu o\u010duvanja identiteta i promovisanja istorijske i kultrne ba&scaron;tine, te za&scaron;tite prava Hrvata kao manjinskog i autohtonog naroda u Crnoj Gori.<\/p>\n<p>Direktor <em>Radio Dux-a<\/em> je Miroslav Miro Maru&scaron;i\u0107.<\/p>\n<p>Program <em>Radio Dux-a<\/em> se mo\u017ee slu&scaron;ati na 97,4 Mhz FM, kao i posredstvom interneta, na kojem radio ima <a href=\"http:\/\/www.radiodux.me\/index.html\">svoju stranicu<\/a>.<\/p>\n","protected":false},"excerpt":{"rendered":"<p><em>Radio Dux<\/em> je&nbsp;po\u010deo zvani\u010dno da emituje program danas u 13:30 emisijom <em>Tragom Hrvata i doga\u0111aja Boke<\/em>, koja \u0107e na programu biti svake naredne nedjelje u isto vrijeme.<\/p>\n","protected":false},"author":1,"featured_media":0,"comment_status":"open","ping_status":"closed","sticky":false,"template":"","format":"standard","meta":{"_seopress_robots_primary_cat":"","_seopress_titles_title":"","_seopress_titles_desc":"","_seopress_robots_index":"","_et_pb_use_builder":"","_et_pb_old_content":"","_et_gb_content_width":"","inline_featured_image":false,"footnotes":""},"categories":[14],"tags":[],"class_list":["post-33115","post","type-post","status-publish","format-standard","hentry","category-vijesti"],"_links":{"self":[{"href":"https:\/\/www.pcnen.com\/portal\/wp-json\/wp\/v2\/posts\/33115","targetHints":{"allow":["GET"]}}],"collection":[{"href":"https:\/\/www.pcnen.com\/portal\/wp-json\/wp\/v2\/posts"}],"about":[{"href":"https:\/\/www.pcnen.com\/portal\/wp-json\/wp\/v2\/types\/post"}],"author":[{"embeddable":true,"href":"https:\/\/www.pcnen.com\/portal\/wp-json\/wp\/v2\/users\/1"}],"replies":[{"embeddable":true,"href":"https:\/\/www.pcnen.com\/portal\/wp-json\/wp\/v2\/comments?post=33115"}],"version-history":[{"count":0,"href":"https:\/\/www.pcnen.com\/portal\/wp-json\/wp\/v2\/posts\/33115\/revisions"}],"wp:attachment":[{"href":"https:\/\/www.pcnen.com\/portal\/wp-json\/wp\/v2\/media?parent=33115"}],"wp:term":[{"taxonomy":"category","embeddable":true,"href":"https:\/\/www.pcnen.com\/portal\/wp-json\/wp\/v2\/categories?post=33115"},{"taxonomy":"post_tag","embeddable":true,"href":"https:\/\/www.pcnen.com\/portal\/wp-json\/wp\/v2\/tags?post=33115"}],"curies":[{"name":"wp","href":"https:\/\/api.w.org\/{rel}","templated":true}]}}