{"id":33113,"date":"2009-12-06T14:50:11","date_gmt":"2009-12-06T14:50:11","guid":{"rendered":"http:\/\/www.pcnen.com\/portal\/?p=33113"},"modified":"2009-12-06T14:50:11","modified_gmt":"2009-12-06T14:50:11","slug":"referendum-ne-znaci-okretanje-protiv-muslimana","status":"publish","type":"post","link":"https:\/\/www.pcnen.com\/portal\/2009\/12\/06\/referendum-ne-znaci-okretanje-protiv-muslimana\/","title":{"rendered":"Referendum ne zna\u010di okretanje protiv muslimana"},"content":{"rendered":"<p>Ambasador &Scaron;vajcarske u BiH Rolf Lenc izjavio je danas u Sarajevu da je vjerski mir bio i jeste klju\u010dni element uspje&scaron;nog &scaron;vajcarskog modela i istakao da nedavna referendumska odluka o zabrani izgradnje minareta u &Scaron;vajcarskoj ne zna\u010di okretanje dru&scaron;tva protiv muslimanskog stanovni&scaron;tva u zemlji.<\/p>\n<p>&quot;Odluka je, bez sumnje, izraz strahova i nesigurnosti stanovni&scaron;tva da \u0107e ideje islamskog fundamentalizma dovesti do paralelnog dru&scaron;tva, koje se ne\u0107e integrisati, koje \u0107e odbaciti na&scaron;e dr\u017eavne i dru&scaron;tvene tradicije i koje ne\u0107e po&scaron;tovati na&scaron; pravni poredak&quot;, rekao je Lenc na sesiji Asocijacine nezavisnih intelektualaca &quot;Krug 99&quot;, prenose bh mediji.<\/p>\n<p>On je dodao da je kod ve\u0107ine muslimana koji su se dobro integrisali u &scaron;vajcarsko dru&scaron;tvo prisutna bojazan da bi mogli biti isklju\u010deni iz dru&scaron;tva i da bi mogli biti poni\u017eavani.<\/p>\n<p>&quot;Kroz ovu narodnu inicijativu ispoljeni su strahovi prisutni na obje strane&quot;, konstatovao je Lenc.<\/p>\n<p>&quot;Muslimani \u0107e u &Scaron;vajcarskoj i dalje mo\u0107i posje\u0107ivati oko 150 d\u017eamija i vjerskih objekata koji su dobro integrisani. &Scaron;to se ti\u010de javnog izra\u017eavanja islamske vjere, slobodno prakticiranje vjere muslimana \u0107e biti dijelom ograni\u010deno&quot;, rekao je Lenc.<\/p>\n<p>Na pro&scaron;lonedjeljnom referendumu &scaron;vajcarski glasa\u010di izjasnili su se za zabranu izgradnje minareta. U &Scaron;vajarskoj \u017eivi oko 350 000 muslimana, &scaron;to je pet odsto od ukupnog broja stanovni&scaron;tva. Najve\u0107i dio muslimana porijeklom su sa Balkana, a potom iz Turske.<\/p>\n<p>U &Scaron;vajcarskoj postoje \u010detiri minareta, od kojih nijedan ne slu\u017ei za pozivanje mujezina na molitvu i ne izdvaja se izme\u0111u ostalih gra\u0111evina.<\/p>\n","protected":false},"excerpt":{"rendered":"<p>Ambasador &Scaron;vajcarske u BiH Rolf Lenc izjavio je danas u Sarajevu da je vjerski mir bio i jeste klju\u010dni element uspje&scaron;nog &scaron;vajcarskog modela i istakao da nedavna referendumska odluka o zabrani izgradnje minareta u &Scaron;vajcarskoj ne zna\u010di okretanje dru&scaron;tva protiv muslimanskog stanovni&scaron;tva u zemlji. &quot;Odluka je, bez sumnje, izraz strahova i nesigurnosti stanovni&scaron;tva da \u0107e [&hellip;]<\/p>\n","protected":false},"author":1,"featured_media":0,"comment_status":"open","ping_status":"closed","sticky":false,"template":"","format":"standard","meta":{"_seopress_robots_primary_cat":"","_seopress_titles_title":"","_seopress_titles_desc":"","_seopress_robots_index":"","_et_pb_use_builder":"","_et_pb_old_content":"","_et_gb_content_width":"","inline_featured_image":false,"footnotes":""},"categories":[14],"tags":[],"class_list":["post-33113","post","type-post","status-publish","format-standard","hentry","category-vijesti"],"_links":{"self":[{"href":"https:\/\/www.pcnen.com\/portal\/wp-json\/wp\/v2\/posts\/33113","targetHints":{"allow":["GET"]}}],"collection":[{"href":"https:\/\/www.pcnen.com\/portal\/wp-json\/wp\/v2\/posts"}],"about":[{"href":"https:\/\/www.pcnen.com\/portal\/wp-json\/wp\/v2\/types\/post"}],"author":[{"embeddable":true,"href":"https:\/\/www.pcnen.com\/portal\/wp-json\/wp\/v2\/users\/1"}],"replies":[{"embeddable":true,"href":"https:\/\/www.pcnen.com\/portal\/wp-json\/wp\/v2\/comments?post=33113"}],"version-history":[{"count":0,"href":"https:\/\/www.pcnen.com\/portal\/wp-json\/wp\/v2\/posts\/33113\/revisions"}],"wp:attachment":[{"href":"https:\/\/www.pcnen.com\/portal\/wp-json\/wp\/v2\/media?parent=33113"}],"wp:term":[{"taxonomy":"category","embeddable":true,"href":"https:\/\/www.pcnen.com\/portal\/wp-json\/wp\/v2\/categories?post=33113"},{"taxonomy":"post_tag","embeddable":true,"href":"https:\/\/www.pcnen.com\/portal\/wp-json\/wp\/v2\/tags?post=33113"}],"curies":[{"name":"wp","href":"https:\/\/api.w.org\/{rel}","templated":true}]}}