{"id":33109,"date":"2009-12-06T12:14:56","date_gmt":"2009-12-06T12:14:56","guid":{"rendered":"http:\/\/www.pcnen.com\/portal\/?p=33109"},"modified":"2009-12-06T12:14:56","modified_gmt":"2009-12-06T12:14:56","slug":"zatrazeno-odgadanje-diplomatskih-odnosa-cg-s-kosovom","status":"publish","type":"post","link":"https:\/\/www.pcnen.com\/portal\/2009\/12\/06\/zatrazeno-odgadanje-diplomatskih-odnosa-cg-s-kosovom\/","title":{"rendered":"Zatra\u017eeno odga\u0111anje diplomatskih odnosa CG s Kosovom"},"content":{"rendered":"<p>Lutovac je pro&scaron;le sedmice zatra\u017eio prijem u Ministarstvu inostranih poslova i zatra\u017eio da se Vlada Crne Gore uzdr\u017ei od uspostavljanja diplomatskih odnosa sa Kosovom do okon\u010danja sudskog procesa u Me\u0111unarodnom sudu pravde u Hagu.<\/p>\n<p>Srpski ambasador je sagovornicima rekao da bi Srbija izuzetno cijenila kada bi Crna Gora sa\u010dekala da Me\u0111unarodi sud donese mi&scaron;ljenje o progla&scaron;enju kosovske nezavisnosti i tek onda odlu\u010dila o otvaranju ambasade u Pri&scaron;tini.<\/p>\n<p>Lutovac je dobio odgovor crngorskog MIP-a da uspostavjanje diplomatskih odnosa sa Kosovom dosad nije obavljeno &quot;samo zbog tehni\u010dkih razloga&quot;, odnosno zato &scaron;to Pri&scaron;tina nije bila spremna za to. Njemu je, tako\u0111e, re\u010deno da najava uspostavljanja diplomatskih odnosa ne zna\u010di i razmjenu ambasadora.<\/p>\n<p>Crnogorski premijer Milo \u0110ukanovi\u0107 i njegov potpredsjednik Svetozar Marovi\u0107 potrvrdili su da bi Crna Gora preispitala odluku o priznanju nezavisnosti Kosova ukoliko bi Me\u0111unarodni sud pravde ocijenio da je ta odluka nelegalna.<\/p>\n<p>\u0110ukanovi\u0107 i Marovi\u0107 su, me\u0111utim, izrazili sumnju da \u0107e se to desiti.<\/p>\n<p>Na nedavnoj tribini o odnosima Srbije i Crne Gore, Lutovac je naglasio da su neke zemlje koje su priznale nezavisnost Kosova najavile da \u0107e preispitati tu odluku ukoliko bi Me\u0111unarodni sud odlu\u010dio da je Pri&scaron;tina tu odluku donijela nelegalno.<\/p>\n","protected":false},"excerpt":{"rendered":"<p>Srpski ambasador u Podgorici Zoran Lutovac zatra\u017eio je od Crne Gore da odgodi uspostavljanje diplomatskih odnosa sa Kosovom do odluke Me\u0111unarodnog suda pravde o legalnosti progla&scaron;enja nezavisnosti ju\u017ene srpske pokrajine, saznaje <em>Tanjug<\/em>.<\/p>\n","protected":false},"author":1,"featured_media":0,"comment_status":"open","ping_status":"closed","sticky":false,"template":"","format":"standard","meta":{"_seopress_robots_primary_cat":"","_seopress_titles_title":"","_seopress_titles_desc":"","_seopress_robots_index":"","_et_pb_use_builder":"","_et_pb_old_content":"","_et_gb_content_width":"","inline_featured_image":false,"footnotes":""},"categories":[14],"tags":[],"class_list":["post-33109","post","type-post","status-publish","format-standard","hentry","category-vijesti"],"_links":{"self":[{"href":"https:\/\/www.pcnen.com\/portal\/wp-json\/wp\/v2\/posts\/33109","targetHints":{"allow":["GET"]}}],"collection":[{"href":"https:\/\/www.pcnen.com\/portal\/wp-json\/wp\/v2\/posts"}],"about":[{"href":"https:\/\/www.pcnen.com\/portal\/wp-json\/wp\/v2\/types\/post"}],"author":[{"embeddable":true,"href":"https:\/\/www.pcnen.com\/portal\/wp-json\/wp\/v2\/users\/1"}],"replies":[{"embeddable":true,"href":"https:\/\/www.pcnen.com\/portal\/wp-json\/wp\/v2\/comments?post=33109"}],"version-history":[{"count":0,"href":"https:\/\/www.pcnen.com\/portal\/wp-json\/wp\/v2\/posts\/33109\/revisions"}],"wp:attachment":[{"href":"https:\/\/www.pcnen.com\/portal\/wp-json\/wp\/v2\/media?parent=33109"}],"wp:term":[{"taxonomy":"category","embeddable":true,"href":"https:\/\/www.pcnen.com\/portal\/wp-json\/wp\/v2\/categories?post=33109"},{"taxonomy":"post_tag","embeddable":true,"href":"https:\/\/www.pcnen.com\/portal\/wp-json\/wp\/v2\/tags?post=33109"}],"curies":[{"name":"wp","href":"https:\/\/api.w.org\/{rel}","templated":true}]}}