{"id":331031,"date":"2021-10-26T18:59:10","date_gmt":"2021-10-26T16:59:10","guid":{"rendered":"https:\/\/www.pcnen.com\/portal\/?p=331031"},"modified":"2021-10-26T18:59:10","modified_gmt":"2021-10-26T16:59:10","slug":"sdt-knezevic-tesko-zloupotrijebio-informacije","status":"publish","type":"post","link":"https:\/\/www.pcnen.com\/portal\/2021\/10\/26\/sdt-knezevic-tesko-zloupotrijebio-informacije\/","title":{"rendered":"SDT: Kne\u017eevi\u0107 te\u0161ko zloupotrijebio informacije"},"content":{"rendered":"<p>Kao razlog za to se navodi da je Kne\u017eevi\u0107 na danas odr\u017eanoj konferenciji za novinare iznio detalje sa ju\u010dera\u0161nje sjednice tog skup\u0161tinskog tijela \u010dime je, kako se tvrdi, ugrozio postupke koji se vode pred Specijalnim dr\u017eavnim tu\u017eila\u0161tvom.<\/p>\n<p>Navodi se da je Kne\u017eevi\u0107, uprkos obavje\u0161tenju da su podaci koji \u0107e se na sjednici razmatrati tajni i da nije dozvoljeno uno\u0161enje elektronskih ure\u0111aja i snimanje toka sjednice, kao i da je zabranjeno izno\u0161enje u javnosti podataka koji su razmatrani na sjednici.<\/p>\n<p>Prema ocjeni Specijalnog dr\u017eavnog tu\u017eila\u0161tva, Kne\u017eevi\u0107 je \u201ete\u0161ko zloupotrijebio\u201c informacije koje je \u010duo na ju\u010dera\u0161njoj sjednici, a \u0161to \u0107e, kako ka\u017eu, biti \u201edetaljno analizirano\u201c.<\/p>\n<p>Kne\u017eevi\u0107 je ranije danas novinarima rekao da, u vi\u0161e navrata se ogra\u0111uju\u0107i da iznosi samo ono \u0161to je dozvoljeno u skladu sa zakonom, da vezano za aferu \u201eprislu\u0161kivanje\u201c, glavnog dr\u017eavnog tu\u017eioca Katni\u0107a treba odmah suspendovati i procesuirati, jer poku\u0161ava da sakrije ili da relativizuje taj slu\u010daj kako bi za\u0161tito predsjednika Mila \u0110ukanovi\u0107a ili biv\u0161eg premijera Du\u0161ka Markovi\u0107a.<\/p>\n<p>Kne\u017eevi\u0107 je rekao i da se na konferenciju za medije odlu\u010dio nakon \u0161to su neki mediji iznijeli detalje sa ju\u010dera\u0161nje sjednice Odbora koja je bila zatvorena za javnost.<\/p>\n<p>Tako\u0111e, rekao je da je Katni\u0107 na ju\u010dera\u0161njoj sjednici i iznio neke nove detalje u vezi sa slu\u010dajem \u201edr\u017eavni udar\u201c, na izborni dan 2016. u Crnoj Gori, koji su snimljeni i bi\u0107e predati novom postupajem sudiji u tom predmetu, a u okviru obnovljenog postupka, po nalogu Apelacionog suda.<\/p>\n<blockquote class=\"wp-embedded-content\" data-secret=\"A3zjimsgCW\"><p><a href=\"https:\/\/www.pcnen.com\/portal\/2021\/10\/26\/knezevic-luka-bulatovic-nije-otkrio-uredaj-za-prisluskivanje-u-kabinetu-katnica-video\/\">Kne\u017eevi\u0107: Luka Bulatovi\u0107 nije otkrio ure\u0111aj za prislu\u0161kivanje u kabinetu Katni\u0107a (video)<\/a><\/p><\/blockquote>\n<p><iframe loading=\"lazy\" class=\"wp-embedded-content\" sandbox=\"allow-scripts\" security=\"restricted\" style=\"position: absolute; clip: rect(1px, 1px, 1px, 1px);\" title=\"&#8220;Kne\u017eevi\u0107: Luka Bulatovi\u0107 nije otkrio ure\u0111aj za prislu\u0161kivanje u kabinetu Katni\u0107a (video)&#8221; &#8212; PCNEN\" src=\"https:\/\/www.pcnen.com\/portal\/2021\/10\/26\/knezevic-luka-bulatovic-nije-otkrio-uredaj-za-prisluskivanje-u-kabinetu-katnica-video\/embed\/#?secret=0C34GXnMRw#?secret=A3zjimsgCW\" data-secret=\"A3zjimsgCW\" width=\"600\" height=\"338\" frameborder=\"0\" marginwidth=\"0\" marginheight=\"0\" scrolling=\"no\"><\/iframe><\/p>\n","protected":false},"excerpt":{"rendered":"<p>Specijalno dr\u017eavno tu\u017eila\u0161tvo je saop\u0161tilo danas da glavni specijalni tu\u017eilac Milivoje Katni\u0107 vi\u0161e ne\u0107e prisustvovati i u\u010destvovati u radu skup\u0161tinskog Odbora za bezbijednost i odbranu, kojima predsjedava predsjednik ovog odbora, poslanik i jedan od lidera DF-a Milan Kne\u017eevi\u0107.<\/p>\n","protected":false},"author":1,"featured_media":319051,"comment_status":"open","ping_status":"closed","sticky":false,"template":"","format":"standard","meta":{"_seopress_robots_primary_cat":"","_seopress_titles_title":"","_seopress_titles_desc":"","_seopress_robots_index":"","_et_pb_use_builder":"","_et_pb_old_content":"","_et_gb_content_width":"","inline_featured_image":false,"footnotes":""},"categories":[14],"tags":[],"class_list":["post-331031","post","type-post","status-publish","format-standard","has-post-thumbnail","hentry","category-vijesti"],"_links":{"self":[{"href":"https:\/\/www.pcnen.com\/portal\/wp-json\/wp\/v2\/posts\/331031","targetHints":{"allow":["GET"]}}],"collection":[{"href":"https:\/\/www.pcnen.com\/portal\/wp-json\/wp\/v2\/posts"}],"about":[{"href":"https:\/\/www.pcnen.com\/portal\/wp-json\/wp\/v2\/types\/post"}],"author":[{"embeddable":true,"href":"https:\/\/www.pcnen.com\/portal\/wp-json\/wp\/v2\/users\/1"}],"replies":[{"embeddable":true,"href":"https:\/\/www.pcnen.com\/portal\/wp-json\/wp\/v2\/comments?post=331031"}],"version-history":[{"count":1,"href":"https:\/\/www.pcnen.com\/portal\/wp-json\/wp\/v2\/posts\/331031\/revisions"}],"predecessor-version":[{"id":331032,"href":"https:\/\/www.pcnen.com\/portal\/wp-json\/wp\/v2\/posts\/331031\/revisions\/331032"}],"wp:featuredmedia":[{"embeddable":true,"href":"https:\/\/www.pcnen.com\/portal\/wp-json\/wp\/v2\/media\/319051"}],"wp:attachment":[{"href":"https:\/\/www.pcnen.com\/portal\/wp-json\/wp\/v2\/media?parent=331031"}],"wp:term":[{"taxonomy":"category","embeddable":true,"href":"https:\/\/www.pcnen.com\/portal\/wp-json\/wp\/v2\/categories?post=331031"},{"taxonomy":"post_tag","embeddable":true,"href":"https:\/\/www.pcnen.com\/portal\/wp-json\/wp\/v2\/tags?post=331031"}],"curies":[{"name":"wp","href":"https:\/\/api.w.org\/{rel}","templated":true}]}}