{"id":331007,"date":"2021-10-26T13:00:10","date_gmt":"2021-10-26T11:00:10","guid":{"rendered":"https:\/\/www.pcnen.com\/portal\/?p=331007"},"modified":"2021-10-26T13:02:21","modified_gmt":"2021-10-26T11:02:21","slug":"knezevic-luka-bulatovic-nije-otkrio-uredaj-za-prisluskivanje-u-kabinetu-katnica-video","status":"publish","type":"post","link":"https:\/\/www.pcnen.com\/portal\/2021\/10\/26\/knezevic-luka-bulatovic-nije-otkrio-uredaj-za-prisluskivanje-u-kabinetu-katnica-video\/","title":{"rendered":"Kne\u017eevi\u0107: Luka Bulatovi\u0107 nije otkrio ure\u0111aj za prislu\u0161kivanje u kabinetu Katni\u0107a (video)"},"content":{"rendered":"<p>&#8220;Milivoje Katni\u0107 koji sebe naziva GST treba da bude suspendovan i procesuiran jer \u010ditavu aferu prislu\u0161kivanja poku\u0161ava da svede na zloupotrebu slu\u017ebenog polo\u017eaja. Kako bi sprije\u010dio da do\u0111u do toga ko su nalogodavci afere prislu\u0161kivanja&#8221;, kazao je Kne\u017eevi\u0107.<\/p>\n<p>Dodaje je jasno da \u0107e se sve zavr\u0161iti sa \u0161est mjeseci uslovne kazne.<\/p>\n<p>&#8220;Ono \u0161to se desilo u CG, ima sve elemente \u0161pijuna\u017ee, i evo ja sam donio Krivi\u010dni zakonik da nau\u010dim Katni\u0107a \u0161ta treba da radi sa Peruni\u010di\u0107em&#8221;, ka\u017ee Kne\u017eevi\u0107, prenosi antenaM.<\/p>\n<p>&#8220;Davno je trebalo rasformirati ANB na \u010dijem je \u010delu bio Dejan Peruni\u010di\u0107 i davno je trebalo u\u0107i u reformu tu\u017eila\u0161tva. Otvoreno sumnjam da Milivoje Katni\u0107 poku\u0161ava da sakrije ili Mila \u0110ukanovi\u0107a ili Du\u0161ka Markovi\u0107a. Sumnjam da su materijali prislu\u0161kivanja zavr\u0161ili ne samo kod kriminalnih grupa ve\u0107 kod nekih visokih dr\u017eavnih funkcionera. Tako\u0111e \u017eelim da saop\u0161tim da Luka Bulatovi\u0107 nije razotkrio prislu\u0161kivani ure\u0111aj u kabinetu Milivoja Katni\u0107a, i nije mi jasno za\u0161to se ovoliko \u010dekaju rezultati obdukcije koja je trebalo da bude prioritna. Buri\u0107 treba da oduzme slu\u010daj Milivoju Katni\u0107u jer \u0107e on uradiiti sve da se od ovoga napravi farsa, da se sve zavr\u0161i sporazumom o krivici&#8221;, ka\u017ee Kne\u017eevi\u0107.<\/p>\n<p>Dodaje da ne mo\u017ee da saop\u0161tava sve elemente, ali i da su na sjednici saop\u0161teni novi detalji u vezi slu\u010daja dr\u017eavnog udara.<\/p>\n<p>&#8220;Mi jesmo imali verbalni sukob na ivici fizi\u010dkog incidenta, kada sam kazao da je Paja Velimorov\u0107 prvo iz Centra bezbjednosti po\u0161ao u ANB a onda u tu\u017eila\u0161tvo&#8221;, navodi Kne\u017eevi\u0107.<\/p>\n<p>&#8220;Jedino je ta\u010dno da me Milivoje Katni\u0107 pozvao na tu\u010du koju sam ja prihvatio ali onda je odustao i napustio sjednicu. Nema tog kome \u0107u se za jotu pomjeriti u odnosu na ono \u0161to zastupam. \u017delim da poru\u010dim crnogorskoj javnosti da je situacija u bezbjednosnom sektoru alaramantna&#8221;, isti\u010de on.<\/p>\n<p>ANB pod rukovodstvom Dejana Peruni\u010di\u0107a bila je, ka\u017ee, sredstvo obra\u010duna sa politi\u010dkim protivnicima.<\/p>\n<p>Ka\u017ee da na dnevnom nivou dobija informacije da mu je bezbjednost ugro\u017eena te da \u0107e tra\u017eiti dozvolu da nosi oru\u017eje.<\/p>\n<p>Ka\u017ee da su dobili i podatke gdje je ra\u0111eno prislu\u0161kivanje te da jedino mo\u017ee re\u0107i da to nije ra\u0111eno u Agenciji za nacionalnu bezbjednost.<\/p>\n<p>&nbsp;<\/p>\n<p><iframe loading=\"lazy\" style=\"border: none; overflow: hidden;\" src=\"https:\/\/www.facebook.com\/plugins\/video.php?href=https%3A%2F%2Fwww.facebook.com%2FDemokratskiFront%2Fvideos%2F432194438249283%2F&amp;show_text=0&amp;width=560\" width=\"560\" height=\"252\" frameborder=\"0\" scrolling=\"no\" allowfullscreen=\"allowfullscreen\"><\/iframe><\/p>\n<blockquote class=\"wp-embedded-content\" data-secret=\"4Yw5Ogwb8d\"><p><a href=\"https:\/\/www.pcnen.com\/portal\/2021\/10\/19\/pokojni-anb-funkcioner-morao-sam-znati-sto-se-moralo-zaustaviti-jer-bih-na-taj-nacin-spasio-mnoge-zivote-video\/\">Pokojni ANB funkcioner: Morao sam znati \u0161to se moralo zaustaviti, jer bih na taj na\u010din spasio mnoge \u017eivote (video)<\/a><\/p><\/blockquote>\n<p><iframe loading=\"lazy\" class=\"wp-embedded-content\" sandbox=\"allow-scripts\" security=\"restricted\" style=\"position: absolute; clip: rect(1px, 1px, 1px, 1px);\" title=\"&#8220;Pokojni ANB funkcioner: Morao sam znati \u0161to se moralo zaustaviti, jer bih na taj na\u010din spasio mnoge \u017eivote (video)&#8221; &#8212; PCNEN\" src=\"https:\/\/www.pcnen.com\/portal\/2021\/10\/19\/pokojni-anb-funkcioner-morao-sam-znati-sto-se-moralo-zaustaviti-jer-bih-na-taj-nacin-spasio-mnoge-zivote-video\/embed\/#?secret=dAUYQYXFMt#?secret=4Yw5Ogwb8d\" data-secret=\"4Yw5Ogwb8d\" width=\"600\" height=\"338\" frameborder=\"0\" marginwidth=\"0\" marginheight=\"0\" scrolling=\"no\"><\/iframe><\/p>\n","protected":false},"excerpt":{"rendered":"<p>Jedan od lidera Demokratskog fronta Milan Kne\u017eevi\u0107 kazao je na pres konferenciji da je objavljivanje djelova sa ju\u010dera\u0161nje sjednice u Odbora za bezbjednost u medijima kr\u0161enje zakona.<\/p>\n","protected":false},"author":1,"featured_media":293877,"comment_status":"open","ping_status":"closed","sticky":false,"template":"","format":"standard","meta":{"_seopress_robots_primary_cat":"","_seopress_titles_title":"","_seopress_titles_desc":"","_seopress_robots_index":"","_et_pb_use_builder":"","_et_pb_old_content":"","_et_gb_content_width":"","inline_featured_image":false,"footnotes":""},"categories":[14],"tags":[],"class_list":["post-331007","post","type-post","status-publish","format-standard","has-post-thumbnail","hentry","category-vijesti"],"_links":{"self":[{"href":"https:\/\/www.pcnen.com\/portal\/wp-json\/wp\/v2\/posts\/331007","targetHints":{"allow":["GET"]}}],"collection":[{"href":"https:\/\/www.pcnen.com\/portal\/wp-json\/wp\/v2\/posts"}],"about":[{"href":"https:\/\/www.pcnen.com\/portal\/wp-json\/wp\/v2\/types\/post"}],"author":[{"embeddable":true,"href":"https:\/\/www.pcnen.com\/portal\/wp-json\/wp\/v2\/users\/1"}],"replies":[{"embeddable":true,"href":"https:\/\/www.pcnen.com\/portal\/wp-json\/wp\/v2\/comments?post=331007"}],"version-history":[{"count":3,"href":"https:\/\/www.pcnen.com\/portal\/wp-json\/wp\/v2\/posts\/331007\/revisions"}],"predecessor-version":[{"id":331010,"href":"https:\/\/www.pcnen.com\/portal\/wp-json\/wp\/v2\/posts\/331007\/revisions\/331010"}],"wp:featuredmedia":[{"embeddable":true,"href":"https:\/\/www.pcnen.com\/portal\/wp-json\/wp\/v2\/media\/293877"}],"wp:attachment":[{"href":"https:\/\/www.pcnen.com\/portal\/wp-json\/wp\/v2\/media?parent=331007"}],"wp:term":[{"taxonomy":"category","embeddable":true,"href":"https:\/\/www.pcnen.com\/portal\/wp-json\/wp\/v2\/categories?post=331007"},{"taxonomy":"post_tag","embeddable":true,"href":"https:\/\/www.pcnen.com\/portal\/wp-json\/wp\/v2\/tags?post=331007"}],"curies":[{"name":"wp","href":"https:\/\/api.w.org\/{rel}","templated":true}]}}