{"id":33100,"date":"2009-12-05T20:26:50","date_gmt":"2009-12-05T20:26:50","guid":{"rendered":"http:\/\/www.pcnen.com\/portal\/?p=33100"},"modified":"2009-12-05T20:26:50","modified_gmt":"2009-12-05T20:26:50","slug":"protesti-pred-samit-u-kopenhagenu","status":"publish","type":"post","link":"https:\/\/www.pcnen.com\/portal\/2009\/12\/05\/protesti-pred-samit-u-kopenhagenu\/","title":{"rendered":"Protesti pred samit u Kopenhagenu"},"content":{"rendered":"<p>Vi&scaron;e desetina hiljada ljudi mar&scaron;iralo je danas ulicama Berlina, Londona i Pariza da bi skrenuli pa\u017enju na problem klimatskih promjena, dva dana prije po\u010detka me\u0111unarodne klimatske konferencije u Kopenhagenu, javio je <em>Tanjug<\/em>.<\/p>\n<p>Najmasovniji skup odr\u017ean je u Londonu, gdje se okupilo 20.000 ljudi, dok je u Parizu bilo 1.500 aktivista <em>Grinpisa<\/em>.<\/p>\n<p>Aktivisti u Njema\u010dkoj su na simboli\u010dan na\u010din ukazali na problem globalnog otopljavanja. <\/p>\n<p>Imitiraju\u0107i garderobom i maskama ameri\u010dkog predsjednika Baraka Obamu, njema\u010dku kancelarku Angelu Merkel i kineskog predsjednika Hu \u0110intao, oni su sjedjeli u jednom ogromnom akvarijumu, gdje im je voda dosezala do brade, da bi ukazali na problem pove\u0107anja nivoa mora usled globalnog otopljavanja.<\/p>\n<p>Protest njema\u010dkih aktivista odr\u017ean je ispred Brandenbur&scaron;ke kapije da bi se skrenula pa\u017enja na nedovoljan napredak u borbi protiv klimatskih promjena, preneo je <em>Rojters<\/em>.<\/p>\n<p>U Parizu su u\u010desnici protesta nosili transparente s natpisom &quot;Klimatski ultimatum&quot;, dok je u Londonu vi&scaron;e hiljada ljudi pozvalo svjetske lidere da postignu dogovor o za&scaron;titu \u017eivotne sredine.<\/p>\n<p>Istovremeno, oko 450 delegata, stru\u010dnjaka, novinara i aktivista za za&scaron;titu \u017eivotne sredine, krenulo je vozom pod nazivom &quot;Klima ekspres&quot; iz Brisela za Kopenhagen, gdje \u0107e u\u010destvovati na samitu.<\/p>\n<p>Konferencija Ujedinjenih nacija odr\u017eava se od 7. do 18. decembra u glavnom gradu Danske i okupi\u0107e predstavnike vi&scaron;e od 190 zemalja, &scaron;to je do sada najve\u0107i skup o klimatskim promjenama.<\/p>\n","protected":false},"excerpt":{"rendered":"<p>Vi&scaron;e desetina hiljada ljudi mar&scaron;iralo je danas ulicama Berlina, Londona i Pariza da bi skrenuli pa\u017enju na problem klimatskih promjena, dva dana prije po\u010detka me\u0111unarodne klimatske konferencije u Kopenhagenu, javio je Tanjug. Najmasovniji skup odr\u017ean je u Londonu, gdje se okupilo 20.000 ljudi, dok je u Parizu bilo 1.500 aktivista Grinpisa. Aktivisti u Njema\u010dkoj su [&hellip;]<\/p>\n","protected":false},"author":1,"featured_media":0,"comment_status":"open","ping_status":"closed","sticky":false,"template":"","format":"standard","meta":{"_seopress_robots_primary_cat":"","_seopress_titles_title":"","_seopress_titles_desc":"","_seopress_robots_index":"","_et_pb_use_builder":"","_et_pb_old_content":"","_et_gb_content_width":"","inline_featured_image":false,"footnotes":""},"categories":[14],"tags":[],"class_list":["post-33100","post","type-post","status-publish","format-standard","hentry","category-vijesti"],"_links":{"self":[{"href":"https:\/\/www.pcnen.com\/portal\/wp-json\/wp\/v2\/posts\/33100","targetHints":{"allow":["GET"]}}],"collection":[{"href":"https:\/\/www.pcnen.com\/portal\/wp-json\/wp\/v2\/posts"}],"about":[{"href":"https:\/\/www.pcnen.com\/portal\/wp-json\/wp\/v2\/types\/post"}],"author":[{"embeddable":true,"href":"https:\/\/www.pcnen.com\/portal\/wp-json\/wp\/v2\/users\/1"}],"replies":[{"embeddable":true,"href":"https:\/\/www.pcnen.com\/portal\/wp-json\/wp\/v2\/comments?post=33100"}],"version-history":[{"count":0,"href":"https:\/\/www.pcnen.com\/portal\/wp-json\/wp\/v2\/posts\/33100\/revisions"}],"wp:attachment":[{"href":"https:\/\/www.pcnen.com\/portal\/wp-json\/wp\/v2\/media?parent=33100"}],"wp:term":[{"taxonomy":"category","embeddable":true,"href":"https:\/\/www.pcnen.com\/portal\/wp-json\/wp\/v2\/categories?post=33100"},{"taxonomy":"post_tag","embeddable":true,"href":"https:\/\/www.pcnen.com\/portal\/wp-json\/wp\/v2\/tags?post=33100"}],"curies":[{"name":"wp","href":"https:\/\/api.w.org\/{rel}","templated":true}]}}