{"id":33098,"date":"2009-12-05T20:08:17","date_gmt":"2009-12-05T20:08:17","guid":{"rendered":"http:\/\/www.pcnen.com\/portal\/?p=33098"},"modified":"2009-12-05T20:08:17","modified_gmt":"2009-12-05T20:08:17","slug":"protesti-u-rimu-protiv-berlukonija","status":"publish","type":"post","link":"https:\/\/www.pcnen.com\/portal\/2009\/12\/05\/protesti-u-rimu-protiv-berlukonija\/","title":{"rendered":"Protesti u Rimu protiv Berlukonija"},"content":{"rendered":"<p>Desetine hiljada ljudi okupilo se danas u centru Rima na demonstracijama protiv premijera Silvija Berluskonija, koga su pozvali da se povu\u010de sa funkcije zbog brojnih afera, prenosi <em>RSE<\/em>. <\/p>\n<p>Ve\u0107ina demonstranata, koji su se okupili na poziv grupe blogera na internetu na &quot;Dan bez Berluskonija&quot;, nosila je &scaron;alove, majice ili d\u017eempere u razli\u010ditim nijansama ljubi\u010daste boje, koja je izabrana jer je ne koriste politi\u010dke partije.<\/p>\n<p>Organizatori tvrde da se oko 350.000 ljudi pojavilo u centru Rima iz raznih slojeva dru&scaron;tva uz podr&scaron;ku ve\u0107inom ljevi\u010darskih opozicionih partija.<\/p>\n<p>Ovo je tre\u0107i mandat Berluskoniju na \u010delu italijanske vlade.<\/p>\n","protected":false},"excerpt":{"rendered":"<p>Desetine hiljada ljudi okupilo se danas u centru Rima na demonstracijama protiv premijera Silvija Berluskonija, koga su pozvali da se povu\u010de sa funkcije zbog brojnih afera, prenosi RSE. Ve\u0107ina demonstranata, koji su se okupili na poziv grupe blogera na internetu na &quot;Dan bez Berluskonija&quot;, nosila je &scaron;alove, majice ili d\u017eempere u razli\u010ditim nijansama ljubi\u010daste boje, [&hellip;]<\/p>\n","protected":false},"author":1,"featured_media":0,"comment_status":"open","ping_status":"closed","sticky":false,"template":"","format":"standard","meta":{"_seopress_robots_primary_cat":"","_seopress_titles_title":"","_seopress_titles_desc":"","_seopress_robots_index":"","_et_pb_use_builder":"","_et_pb_old_content":"","_et_gb_content_width":"","inline_featured_image":false,"footnotes":""},"categories":[14],"tags":[],"class_list":["post-33098","post","type-post","status-publish","format-standard","hentry","category-vijesti"],"_links":{"self":[{"href":"https:\/\/www.pcnen.com\/portal\/wp-json\/wp\/v2\/posts\/33098","targetHints":{"allow":["GET"]}}],"collection":[{"href":"https:\/\/www.pcnen.com\/portal\/wp-json\/wp\/v2\/posts"}],"about":[{"href":"https:\/\/www.pcnen.com\/portal\/wp-json\/wp\/v2\/types\/post"}],"author":[{"embeddable":true,"href":"https:\/\/www.pcnen.com\/portal\/wp-json\/wp\/v2\/users\/1"}],"replies":[{"embeddable":true,"href":"https:\/\/www.pcnen.com\/portal\/wp-json\/wp\/v2\/comments?post=33098"}],"version-history":[{"count":0,"href":"https:\/\/www.pcnen.com\/portal\/wp-json\/wp\/v2\/posts\/33098\/revisions"}],"wp:attachment":[{"href":"https:\/\/www.pcnen.com\/portal\/wp-json\/wp\/v2\/media?parent=33098"}],"wp:term":[{"taxonomy":"category","embeddable":true,"href":"https:\/\/www.pcnen.com\/portal\/wp-json\/wp\/v2\/categories?post=33098"},{"taxonomy":"post_tag","embeddable":true,"href":"https:\/\/www.pcnen.com\/portal\/wp-json\/wp\/v2\/tags?post=33098"}],"curies":[{"name":"wp","href":"https:\/\/api.w.org\/{rel}","templated":true}]}}