{"id":33091,"date":"2009-12-05T10:18:13","date_gmt":"2009-12-05T10:18:13","guid":{"rendered":"http:\/\/www.pcnen.com\/portal\/?p=33091"},"modified":"2009-12-05T10:18:13","modified_gmt":"2009-12-05T10:18:13","slug":"njemacka-i-francuska-protiv-dodatnih-trupa-za-avganistan","status":"publish","type":"post","link":"https:\/\/www.pcnen.com\/portal\/2009\/12\/05\/njemacka-i-francuska-protiv-dodatnih-trupa-za-avganistan\/","title":{"rendered":"Njema\u010dka i Francuska protiv dodatnih trupa za Avganistan"},"content":{"rendered":"<p>Na susretu ministara spoljnih poslova \u010dlanica NATO odr\u017eanog u Briselu, Njema\u010dka i Francuska su odbile slanje dodatnih trupa u Avganistan. <\/p>\n<p>Njema\u010dki ministar spoljnih poslova Gvido Vestervele je izjavio da se najprije mora razgovarati o ukupnoj strategiji, prenosi <em>Doj\u010de vele<\/em>. <\/p>\n<p>Ostale \u010dlanice NATO obe\u0107ale su najmanje 7.000 dodatnih vojnika.<\/p>\n","protected":false},"excerpt":{"rendered":"<p>Na susretu ministara spoljnih poslova \u010dlanica NATO odr\u017eanog u Briselu, Njema\u010dka i Francuska su odbile slanje dodatnih trupa u Avganistan. Njema\u010dki ministar spoljnih poslova Gvido Vestervele je izjavio da se najprije mora razgovarati o ukupnoj strategiji, prenosi Doj\u010de vele. Ostale \u010dlanice NATO obe\u0107ale su najmanje 7.000 dodatnih vojnika.<\/p>\n","protected":false},"author":1,"featured_media":0,"comment_status":"open","ping_status":"closed","sticky":false,"template":"","format":"standard","meta":{"_seopress_robots_primary_cat":"","_seopress_titles_title":"","_seopress_titles_desc":"","_seopress_robots_index":"","_et_pb_use_builder":"","_et_pb_old_content":"","_et_gb_content_width":"","inline_featured_image":false,"footnotes":""},"categories":[14],"tags":[],"class_list":["post-33091","post","type-post","status-publish","format-standard","hentry","category-vijesti"],"_links":{"self":[{"href":"https:\/\/www.pcnen.com\/portal\/wp-json\/wp\/v2\/posts\/33091","targetHints":{"allow":["GET"]}}],"collection":[{"href":"https:\/\/www.pcnen.com\/portal\/wp-json\/wp\/v2\/posts"}],"about":[{"href":"https:\/\/www.pcnen.com\/portal\/wp-json\/wp\/v2\/types\/post"}],"author":[{"embeddable":true,"href":"https:\/\/www.pcnen.com\/portal\/wp-json\/wp\/v2\/users\/1"}],"replies":[{"embeddable":true,"href":"https:\/\/www.pcnen.com\/portal\/wp-json\/wp\/v2\/comments?post=33091"}],"version-history":[{"count":0,"href":"https:\/\/www.pcnen.com\/portal\/wp-json\/wp\/v2\/posts\/33091\/revisions"}],"wp:attachment":[{"href":"https:\/\/www.pcnen.com\/portal\/wp-json\/wp\/v2\/media?parent=33091"}],"wp:term":[{"taxonomy":"category","embeddable":true,"href":"https:\/\/www.pcnen.com\/portal\/wp-json\/wp\/v2\/categories?post=33091"},{"taxonomy":"post_tag","embeddable":true,"href":"https:\/\/www.pcnen.com\/portal\/wp-json\/wp\/v2\/tags?post=33091"}],"curies":[{"name":"wp","href":"https:\/\/api.w.org\/{rel}","templated":true}]}}