{"id":33089,"date":"2009-12-05T10:09:59","date_gmt":"2009-12-05T10:09:59","guid":{"rendered":"http:\/\/www.pcnen.com\/portal\/?p=33089"},"modified":"2009-12-05T10:09:59","modified_gmt":"2009-12-05T10:09:59","slug":"knezevic-zauzet-do-pocetka-2010","status":"publish","type":"post","link":"https:\/\/www.pcnen.com\/portal\/2009\/12\/05\/knezevic-zauzet-do-pocetka-2010\/","title":{"rendered":"Kne\u017eevi\u0107 zauzet do po\u010detka 2010"},"content":{"rendered":"<p>Biznismen Ratko Kne\u017eevi\u0107 je obavijestio Ured za suzbijanje korupcije i organiziranog kriminaliteta Republike Hrvatske da nije u mogu\u0107nosti do po\u010detka naredne godine da crnogorskim pravosudnim organima da izjavu o svojim saznanjima koja se ti\u010du &scaron;verca duvana i nerasvijetljenih ubistava u Crnoj Gori.<\/p>\n<p>Ovo je, kako prenosi <em>Pobjeda<\/em>, ju\u010de saop&scaron;tilo Vrhovno dr\u017eavno tu\u017eila&scaron;tvo Crne Gore, navode\u0107i da je razlog to &scaron;to Kne\u017eevi\u0107 ima ranije preuzete obaveze. <\/p>\n","protected":false},"excerpt":{"rendered":"<p>Biznismen Ratko Kne\u017eevi\u0107 je obavijestio Ured za suzbijanje korupcije i organiziranog kriminaliteta Republike Hrvatske da nije u mogu\u0107nosti do po\u010detka naredne godine da crnogorskim pravosudnim organima da izjavu o svojim saznanjima koja se ti\u010du &scaron;verca duvana i nerasvijetljenih ubistava u Crnoj Gori. Ovo je, kako prenosi Pobjeda, ju\u010de saop&scaron;tilo Vrhovno dr\u017eavno tu\u017eila&scaron;tvo Crne Gore, navode\u0107i [&hellip;]<\/p>\n","protected":false},"author":1,"featured_media":0,"comment_status":"open","ping_status":"closed","sticky":false,"template":"","format":"standard","meta":{"_seopress_robots_primary_cat":"","_seopress_titles_title":"","_seopress_titles_desc":"","_seopress_robots_index":"","_et_pb_use_builder":"","_et_pb_old_content":"","_et_gb_content_width":"","inline_featured_image":false,"footnotes":""},"categories":[14],"tags":[],"class_list":["post-33089","post","type-post","status-publish","format-standard","hentry","category-vijesti"],"_links":{"self":[{"href":"https:\/\/www.pcnen.com\/portal\/wp-json\/wp\/v2\/posts\/33089","targetHints":{"allow":["GET"]}}],"collection":[{"href":"https:\/\/www.pcnen.com\/portal\/wp-json\/wp\/v2\/posts"}],"about":[{"href":"https:\/\/www.pcnen.com\/portal\/wp-json\/wp\/v2\/types\/post"}],"author":[{"embeddable":true,"href":"https:\/\/www.pcnen.com\/portal\/wp-json\/wp\/v2\/users\/1"}],"replies":[{"embeddable":true,"href":"https:\/\/www.pcnen.com\/portal\/wp-json\/wp\/v2\/comments?post=33089"}],"version-history":[{"count":0,"href":"https:\/\/www.pcnen.com\/portal\/wp-json\/wp\/v2\/posts\/33089\/revisions"}],"wp:attachment":[{"href":"https:\/\/www.pcnen.com\/portal\/wp-json\/wp\/v2\/media?parent=33089"}],"wp:term":[{"taxonomy":"category","embeddable":true,"href":"https:\/\/www.pcnen.com\/portal\/wp-json\/wp\/v2\/categories?post=33089"},{"taxonomy":"post_tag","embeddable":true,"href":"https:\/\/www.pcnen.com\/portal\/wp-json\/wp\/v2\/tags?post=33089"}],"curies":[{"name":"wp","href":"https:\/\/api.w.org\/{rel}","templated":true}]}}