{"id":33083,"date":"2009-12-05T01:04:00","date_gmt":"2009-12-05T01:04:00","guid":{"rendered":"http:\/\/www.pcnen.com\/portal\/?p=33083"},"modified":"2009-12-05T01:04:00","modified_gmt":"2009-12-05T01:04:00","slug":"optuznica-protiv-oficira-jna-zbog-dubrovnika","status":"publish","type":"post","link":"https:\/\/www.pcnen.com\/portal\/2009\/12\/05\/optuznica-protiv-oficira-jna-zbog-dubrovnika\/","title":{"rendered":"Optu\u017enica protiv oficira JNA zbog Dubrovnika"},"content":{"rendered":"<p>Protiv svih optu\u017eenih je zatra\u017een pritvor i predlo\u017eeno raspisivanje potjernice, objavilo je Dr\u017eavno tu\u017eila&scaron;tvo Hrvatske (DORH) na svojoj internet stranici, navode\u0107i samo prezimena optu\u017eenih oficira i godine ro\u0111enja, prenosi <em>Beta<\/em>. <\/p>\n<p>Optu\u017enica je podignuta protiv trojice komandanata 2. operativne grupe: generala J. Coki\u0107a (1934.), M. Ru\u017einovskog (1935.) i P. Strugara (1933.), protiv komandanta 9. Vojnopomorskog sektora: admirala M. Joki\u0107a (1935.) i njegovog zamjenika M. Zeca (1943.). <\/p>\n<p>Optu\u017enica je podignuta i protiv komandanta 2. takti\u010dke grupe generala B. Stankovi\u0107a (1934.), komandanta 472. motorizovane brigade potpukovnika O. Vi\u010di\u0107a (1944.) i njegovog zamenika majora R. Komara (1951.). <\/p>\n<p>Optu\u017eeni su i kapetan prve klase V. Kova\u010devi\u0107 zvani Rambo (1961.), komandant 3. bataljona 472. motorizovane brigade i poru\u010dnik bojnog broda Z. Gvozdenovi\u0107 (1958.). <\/p>\n<p>Prva osmorica optu\u017eenika terete se da nisu ni&scaron;ta preduzeli da sprije\u010de nedopu&scaron;teno pona&scaron;anje podre\u0111enih jedinica koje su, protivno \u017denevskim konvencijama, ne biraju\u0107i cilj, granatirale naseljena mjesta, ubijale civilno stanovni&scaron;tvo, zatvarali ga, maltretirali i tjerali u bijeg. <\/p>\n<p>Po ulasku u naseljena mjesta oni su ru&scaron;ili civilne, kulturne, vjerske i privredne objekte, plja\u010dkali ih i palili, naveo je DORH, ukazav&scaron;i da je u tom razdoblju na dubrova\u010dkom podru\u010dju ubijeno 116 civila, a vi&scaron;e stotina ranjeno. <\/p>\n<p>Okrivljeni V. Kova\u010devi\u0107 Rambo tereti se da je 6. decembra 1991. izdao naredbu za granatiranje Dubrovnika i tamo&scaron;njeg istorijskog, Starog grada koji je od 1979. pod za&scaron;titom UNESCO. Pritom je ubijeno vi&scaron;e civila i nanijeta nemerljiva &scaron;teta kulturnim dobrima. <\/p>\n<p>Tu\u017eila&scaron;tvo tereti Z. Gvozdenovi\u0107a da je tokom 1991. izdavao naredbe da se iz topova ispali vi&scaron;e hiljada granata na naseljena mjesta.<\/p>\n<p>Ga\u0111ani su Cavtat, \u017dupa dubrova\u010dka, Zaton, Trsteno, hoteli Croatia, Belvedere, Plakir, Tirena i Min\u010deta u kojima su bile izbjeglice, i Stari grad Dubrovnik. Pri tome je poginulo i ranjeno vi&scaron;e civila i nanijeta je velika &scaron;teta spomenicima kulture. <\/p>\n<p>Optu\u017enica je podignuta na osnovu podataka prikupljenih tokom istrage i vojne dokumentacije biv&scaron;e JNA koja je 2009. godine pribavljena preko oficira za vezu DORH-a pri kancelariji ha&scaron;kog tu\u017eila&scaron;tva. <\/p>\n","protected":false},"excerpt":{"rendered":"<p>\u017dupanijsko dr\u017eavno tu\u017eila&scaron;tvo u Dubrovniku je ve\u010deras podiglo optu\u017enicu protiv deset visokih oficira biv&scaron;e JNA zbog ratnih zlo\u010dina protiv civilnog stanovni&scaron;tva i uni&scaron;tavanja kulturnih i istorijskih spomenika tokom agresije na dubrova\u010dko podru\u010dje 1991. i 1992. godine. <\/p>\n","protected":false},"author":1,"featured_media":0,"comment_status":"open","ping_status":"closed","sticky":false,"template":"","format":"standard","meta":{"_seopress_robots_primary_cat":"","_seopress_titles_title":"","_seopress_titles_desc":"","_seopress_robots_index":"","_et_pb_use_builder":"","_et_pb_old_content":"","_et_gb_content_width":"","inline_featured_image":false,"footnotes":""},"categories":[14],"tags":[],"class_list":["post-33083","post","type-post","status-publish","format-standard","hentry","category-vijesti"],"_links":{"self":[{"href":"https:\/\/www.pcnen.com\/portal\/wp-json\/wp\/v2\/posts\/33083","targetHints":{"allow":["GET"]}}],"collection":[{"href":"https:\/\/www.pcnen.com\/portal\/wp-json\/wp\/v2\/posts"}],"about":[{"href":"https:\/\/www.pcnen.com\/portal\/wp-json\/wp\/v2\/types\/post"}],"author":[{"embeddable":true,"href":"https:\/\/www.pcnen.com\/portal\/wp-json\/wp\/v2\/users\/1"}],"replies":[{"embeddable":true,"href":"https:\/\/www.pcnen.com\/portal\/wp-json\/wp\/v2\/comments?post=33083"}],"version-history":[{"count":0,"href":"https:\/\/www.pcnen.com\/portal\/wp-json\/wp\/v2\/posts\/33083\/revisions"}],"wp:attachment":[{"href":"https:\/\/www.pcnen.com\/portal\/wp-json\/wp\/v2\/media?parent=33083"}],"wp:term":[{"taxonomy":"category","embeddable":true,"href":"https:\/\/www.pcnen.com\/portal\/wp-json\/wp\/v2\/categories?post=33083"},{"taxonomy":"post_tag","embeddable":true,"href":"https:\/\/www.pcnen.com\/portal\/wp-json\/wp\/v2\/tags?post=33083"}],"curies":[{"name":"wp","href":"https:\/\/api.w.org\/{rel}","templated":true}]}}