{"id":33081,"date":"2009-12-04T17:32:36","date_gmt":"2009-12-04T17:32:36","guid":{"rendered":"http:\/\/www.pcnen.com\/portal\/?p=33081"},"modified":"2009-12-04T17:32:36","modified_gmt":"2009-12-04T17:32:36","slug":"poletio-prvi-solarni-avion-na-svijetu","status":"publish","type":"post","link":"https:\/\/www.pcnen.com\/portal\/2009\/12\/04\/poletio-prvi-solarni-avion-na-svijetu\/","title":{"rendered":"Poletio prvi solarni avion na svijetu"},"content":{"rendered":"<p>Prvi solarni avion na svijetu, <em>Solar-impuls<\/em>, koji je konstruisao &scaron;vajcarski in\u017eenjer Bertran Pikar, uspje&scaron;no je obavio probni let, prenosi danas ruska informativno izdanje <a href=\"http:\/\/www.lenta.ru\/\"><em>Lenta.ru<\/em><\/a><\/p>\n<p>Prvi let ovog aviona, sa baterijama \u010dije se \u0107elije pune energijom sunca, obavljen je na visini od svega 100 santimetara iznad zemljine povr&scaron;ine, dok je destinacija letenja bila super-kratka &#8211; svega 350 metara, prenosi <em>Tanjug<\/em>.<\/p>\n<p>Ispitivanja na usavr&scaron;avanju solarnog aviona su u toku, kako navodi njen konstruktor, a letjelica Solar-impuls bi u doglednoj budu\u0107nosti trebalo da leti bez zastoja dva dana i jednu no\u0107.<\/p>\n<p>U krila <em>Solar-impulsa<\/em>, \u010dija je du\u017eina 60 metara, ugra\u0111eno je 12.000 solarnih baterija, ukupne te\u017eine oko 400 kilograma.<\/p>\n<p>Solarna letjelica koja bi, prema zamisli konstruktora, ve\u0107 u 2012. trebalo da obavi planetarni let, te&scaron;ka je svega 1,6 tona, &scaron;to je na nivou te\u017eine nekog luksuznijeg i bolje opremljenog savremenog automobila.<\/p>\n","protected":false},"excerpt":{"rendered":"<p>Prvi solarni avion na svijetu, Solar-impuls, koji je konstruisao &scaron;vajcarski in\u017eenjer Bertran Pikar, uspje&scaron;no je obavio probni let, prenosi danas ruska informativno izdanje Lenta.ru Prvi let ovog aviona, sa baterijama \u010dije se \u0107elije pune energijom sunca, obavljen je na visini od svega 100 santimetara iznad zemljine povr&scaron;ine, dok je destinacija letenja bila super-kratka &#8211; svega [&hellip;]<\/p>\n","protected":false},"author":1,"featured_media":0,"comment_status":"open","ping_status":"closed","sticky":false,"template":"","format":"standard","meta":{"_seopress_robots_primary_cat":"","_seopress_titles_title":"","_seopress_titles_desc":"","_seopress_robots_index":"","_et_pb_use_builder":"","_et_pb_old_content":"","_et_gb_content_width":"","inline_featured_image":false,"footnotes":""},"categories":[14],"tags":[],"class_list":["post-33081","post","type-post","status-publish","format-standard","hentry","category-vijesti"],"_links":{"self":[{"href":"https:\/\/www.pcnen.com\/portal\/wp-json\/wp\/v2\/posts\/33081","targetHints":{"allow":["GET"]}}],"collection":[{"href":"https:\/\/www.pcnen.com\/portal\/wp-json\/wp\/v2\/posts"}],"about":[{"href":"https:\/\/www.pcnen.com\/portal\/wp-json\/wp\/v2\/types\/post"}],"author":[{"embeddable":true,"href":"https:\/\/www.pcnen.com\/portal\/wp-json\/wp\/v2\/users\/1"}],"replies":[{"embeddable":true,"href":"https:\/\/www.pcnen.com\/portal\/wp-json\/wp\/v2\/comments?post=33081"}],"version-history":[{"count":0,"href":"https:\/\/www.pcnen.com\/portal\/wp-json\/wp\/v2\/posts\/33081\/revisions"}],"wp:attachment":[{"href":"https:\/\/www.pcnen.com\/portal\/wp-json\/wp\/v2\/media?parent=33081"}],"wp:term":[{"taxonomy":"category","embeddable":true,"href":"https:\/\/www.pcnen.com\/portal\/wp-json\/wp\/v2\/categories?post=33081"},{"taxonomy":"post_tag","embeddable":true,"href":"https:\/\/www.pcnen.com\/portal\/wp-json\/wp\/v2\/tags?post=33081"}],"curies":[{"name":"wp","href":"https:\/\/api.w.org\/{rel}","templated":true}]}}