{"id":33080,"date":"2009-12-04T15:53:57","date_gmt":"2009-12-04T15:53:57","guid":{"rendered":"http:\/\/www.pcnen.com\/portal\/?p=33080"},"modified":"2009-12-04T15:53:57","modified_gmt":"2009-12-04T15:53:57","slug":"vijece-fpn-odbacilo-kovaceviceve-optuzbe","status":"publish","type":"post","link":"https:\/\/www.pcnen.com\/portal\/2009\/12\/04\/vijece-fpn-odbacilo-kovaceviceve-optuzbe\/","title":{"rendered":"Vije\u0107e FPN odbacilo Kova\u010devi\u0107eve optu\u017ebe"},"content":{"rendered":"<p>Vije\u0107e Fakulteta politi\u010dkih nauka je saop&scaron;tilo danas da &quot;sa indignacijom odbacuje optu\u017ebe i manipulacije koje je na ra\u010dun na&scaron;eg fakulteta u javnosti izrekao docent Filip Kova\u010devi\u0107&quot;. <\/p>\n<p>&quot;Na na\u010din neprimjeren univerzitetskom nastavniku, doc. Kova\u010devi\u0107 poku&scaron;ao je da obmane javnost u vezi sa ne\u010dim &scaron;to je uobi\u010dajeni i regularni postupak na Univerzitetu Crne Gore&quot;, navedeno je u saop&scaron;tenju za javnost. <\/p>\n<p>Vije\u0107e navodi da je nastavni plan FPN promijenjen u junu ove godine &quot;u proceduri \u043a\u043e\u0458u propisuje Statut Univerziteta Crne Gore&quot;. <\/p>\n<p>&quot;Na osnovu predloga nadle\u017ene Komisije FPN, Vije\u0107e FPN usvojilo je predlog izmjena nastavnog plana za akademsku 2009\/2010. godinu, &scaron;to je, kako to nala\u017eu pravila, potvrdio i Senat Univerziteta Crne Gore. Izmjenom nastavnog plana, vi&scaron;e izbornih predmeta zamijenjeno je obaveznim predmetima. Samim tim, jedan broj nastavnika, uklju\u010duju\u0107i poznate univerzitetske profesore, prave prijatelje i suosniva\u010de ove ustanove, ostao je bez izbornih predmeta. Ve\u0107ina ovih nastavnika, kao i doc. Kova\u010devi\u0107, zadr\u017eali su svoje obavezne predmete na FPN, na kojima i danas predaju&quot;, saop&scaron;tilo je Vije\u0107e FPN. <\/p>\n","protected":false},"excerpt":{"rendered":"<p>Vije\u0107e Fakulteta politi\u010dkih nauka je saop&scaron;tilo danas da &quot;sa indignacijom odbacuje optu\u017ebe i manipulacije koje je na ra\u010dun na&scaron;eg fakulteta u javnosti izrekao docent Filip Kova\u010devi\u0107&quot;. &quot;Na na\u010din neprimjeren univerzitetskom nastavniku, doc. Kova\u010devi\u0107 poku&scaron;ao je da obmane javnost u vezi sa ne\u010dim &scaron;to je uobi\u010dajeni i regularni postupak na Univerzitetu Crne Gore&quot;, navedeno je u [&hellip;]<\/p>\n","protected":false},"author":1,"featured_media":0,"comment_status":"open","ping_status":"closed","sticky":false,"template":"","format":"standard","meta":{"_seopress_robots_primary_cat":"","_seopress_titles_title":"","_seopress_titles_desc":"","_seopress_robots_index":"","_et_pb_use_builder":"","_et_pb_old_content":"","_et_gb_content_width":"","inline_featured_image":false,"footnotes":""},"categories":[14],"tags":[],"class_list":["post-33080","post","type-post","status-publish","format-standard","hentry","category-vijesti"],"_links":{"self":[{"href":"https:\/\/www.pcnen.com\/portal\/wp-json\/wp\/v2\/posts\/33080","targetHints":{"allow":["GET"]}}],"collection":[{"href":"https:\/\/www.pcnen.com\/portal\/wp-json\/wp\/v2\/posts"}],"about":[{"href":"https:\/\/www.pcnen.com\/portal\/wp-json\/wp\/v2\/types\/post"}],"author":[{"embeddable":true,"href":"https:\/\/www.pcnen.com\/portal\/wp-json\/wp\/v2\/users\/1"}],"replies":[{"embeddable":true,"href":"https:\/\/www.pcnen.com\/portal\/wp-json\/wp\/v2\/comments?post=33080"}],"version-history":[{"count":0,"href":"https:\/\/www.pcnen.com\/portal\/wp-json\/wp\/v2\/posts\/33080\/revisions"}],"wp:attachment":[{"href":"https:\/\/www.pcnen.com\/portal\/wp-json\/wp\/v2\/media?parent=33080"}],"wp:term":[{"taxonomy":"category","embeddable":true,"href":"https:\/\/www.pcnen.com\/portal\/wp-json\/wp\/v2\/categories?post=33080"},{"taxonomy":"post_tag","embeddable":true,"href":"https:\/\/www.pcnen.com\/portal\/wp-json\/wp\/v2\/tags?post=33080"}],"curies":[{"name":"wp","href":"https:\/\/api.w.org\/{rel}","templated":true}]}}