{"id":33077,"date":"2009-12-04T12:59:14","date_gmt":"2009-12-04T12:59:14","guid":{"rendered":"http:\/\/www.pcnen.com\/portal\/?p=33077"},"modified":"2009-12-04T12:59:14","modified_gmt":"2009-12-04T12:59:14","slug":"karadzic-odbio-dodijeljenog-branioca","status":"publish","type":"post","link":"https:\/\/www.pcnen.com\/portal\/2009\/12\/04\/karadzic-odbio-dodijeljenog-branioca\/","title":{"rendered":"Karad\u017ei\u0107 odbio dodijeljenog branioca"},"content":{"rendered":"<p>Ha&scaron;ki optu\u017eenik Radovan Karad\u017ei\u0107 je odbio branioca kojeg mu je odredio Sud i vjerovatno ne\u0107e biti spreman za nastavak su\u0111enja 1. marta, saop&scaron;tio njegov savjetnik Piter Robinson, prenosi <em>B92.<\/em><\/p>\n<p>Robinson je rekao da je Tribunalu podnio zahtjev da britanski advokat Ri\u010dard Harvi bude izuzet iz procesa. <\/p>\n<p>Tribunal je imenovao Harvija za Karad\u017ei\u0107evog branioca, koji, u skladu sa odlukom pretresnog vije\u0107a od 5. novembra, treba da preuzme potpuno zastupanje Karad\u017ei\u0107a samo ako se optu\u017eeni ne bude pojavio u sudnici na nastavku su\u0111enja zakazanom za 1. mart idu\u0107e godine.<\/p>\n","protected":false},"excerpt":{"rendered":"<p>Ha&scaron;ki optu\u017eenik Radovan Karad\u017ei\u0107 je odbio branioca kojeg mu je odredio Sud i vjerovatno ne\u0107e biti spreman za nastavak su\u0111enja 1. marta, saop&scaron;tio njegov savjetnik Piter Robinson, prenosi B92. Robinson je rekao da je Tribunalu podnio zahtjev da britanski advokat Ri\u010dard Harvi bude izuzet iz procesa. Tribunal je imenovao Harvija za Karad\u017ei\u0107evog branioca, koji, u [&hellip;]<\/p>\n","protected":false},"author":1,"featured_media":0,"comment_status":"open","ping_status":"closed","sticky":false,"template":"","format":"standard","meta":{"_seopress_robots_primary_cat":"","_seopress_titles_title":"","_seopress_titles_desc":"","_seopress_robots_index":"","_et_pb_use_builder":"","_et_pb_old_content":"","_et_gb_content_width":"","inline_featured_image":false,"footnotes":""},"categories":[14],"tags":[],"class_list":["post-33077","post","type-post","status-publish","format-standard","hentry","category-vijesti"],"_links":{"self":[{"href":"https:\/\/www.pcnen.com\/portal\/wp-json\/wp\/v2\/posts\/33077","targetHints":{"allow":["GET"]}}],"collection":[{"href":"https:\/\/www.pcnen.com\/portal\/wp-json\/wp\/v2\/posts"}],"about":[{"href":"https:\/\/www.pcnen.com\/portal\/wp-json\/wp\/v2\/types\/post"}],"author":[{"embeddable":true,"href":"https:\/\/www.pcnen.com\/portal\/wp-json\/wp\/v2\/users\/1"}],"replies":[{"embeddable":true,"href":"https:\/\/www.pcnen.com\/portal\/wp-json\/wp\/v2\/comments?post=33077"}],"version-history":[{"count":0,"href":"https:\/\/www.pcnen.com\/portal\/wp-json\/wp\/v2\/posts\/33077\/revisions"}],"wp:attachment":[{"href":"https:\/\/www.pcnen.com\/portal\/wp-json\/wp\/v2\/media?parent=33077"}],"wp:term":[{"taxonomy":"category","embeddable":true,"href":"https:\/\/www.pcnen.com\/portal\/wp-json\/wp\/v2\/categories?post=33077"},{"taxonomy":"post_tag","embeddable":true,"href":"https:\/\/www.pcnen.com\/portal\/wp-json\/wp\/v2\/tags?post=33077"}],"curies":[{"name":"wp","href":"https:\/\/api.w.org\/{rel}","templated":true}]}}