{"id":33072,"date":"2009-12-04T11:02:59","date_gmt":"2009-12-04T11:02:59","guid":{"rendered":"http:\/\/www.pcnen.com\/portal\/?p=33072"},"modified":"2009-12-04T11:02:59","modified_gmt":"2009-12-04T11:02:59","slug":"budva-samit-zemalja-potpisnica-cefta","status":"publish","type":"post","link":"https:\/\/www.pcnen.com\/portal\/2009\/12\/04\/budva-samit-zemalja-potpisnica-cefta\/","title":{"rendered":"Budva: Samit zemalja potpisnica CEFTA"},"content":{"rendered":"<p>Samit Centralnoevropskog sporazuma o slobodnoj trgovini (CEFTA) o strategijama regionalne saradnje u cilju prevazila\u017eenja ekonomske krize, bi\u0107e danas odr\u017ean u Budvi.<\/p>\n<p>Samit \u0107e, kako je saop&scaron;teno iz crnogorske Vlade, okupiti visoke zvani\u010dnike zemalja potpisnica Sporazuma CEFTA, kojom ove godine predsjedava Crna Gora. <\/p>\n<p>CEFTA je prepoznatljivi i va\u017ean multilateralni mehanizam u podru\u010dju trgovine, \u010diji je cilj ubrzani privredni razvoj zemalja regiije, navode iz Vlade.<\/p>\n<p>Na sastanku \u0107e u\u010destvovati i predstavnici vlada Albanije, Bosne i Hercegovine, Hrvatske, Makedonije, Moldavije, Srbije i UNMIK-a Kosova.<\/p>\n","protected":false},"excerpt":{"rendered":"<p>Samit Centralnoevropskog sporazuma o slobodnoj trgovini (CEFTA) o strategijama regionalne saradnje u cilju prevazila\u017eenja ekonomske krize, bi\u0107e danas odr\u017ean u Budvi. Samit \u0107e, kako je saop&scaron;teno iz crnogorske Vlade, okupiti visoke zvani\u010dnike zemalja potpisnica Sporazuma CEFTA, kojom ove godine predsjedava Crna Gora. CEFTA je prepoznatljivi i va\u017ean multilateralni mehanizam u podru\u010dju trgovine, \u010diji je cilj [&hellip;]<\/p>\n","protected":false},"author":1,"featured_media":0,"comment_status":"open","ping_status":"closed","sticky":false,"template":"","format":"standard","meta":{"_seopress_robots_primary_cat":"","_seopress_titles_title":"","_seopress_titles_desc":"","_seopress_robots_index":"","_et_pb_use_builder":"","_et_pb_old_content":"","_et_gb_content_width":"","inline_featured_image":false,"footnotes":""},"categories":[14],"tags":[],"class_list":["post-33072","post","type-post","status-publish","format-standard","hentry","category-vijesti"],"_links":{"self":[{"href":"https:\/\/www.pcnen.com\/portal\/wp-json\/wp\/v2\/posts\/33072","targetHints":{"allow":["GET"]}}],"collection":[{"href":"https:\/\/www.pcnen.com\/portal\/wp-json\/wp\/v2\/posts"}],"about":[{"href":"https:\/\/www.pcnen.com\/portal\/wp-json\/wp\/v2\/types\/post"}],"author":[{"embeddable":true,"href":"https:\/\/www.pcnen.com\/portal\/wp-json\/wp\/v2\/users\/1"}],"replies":[{"embeddable":true,"href":"https:\/\/www.pcnen.com\/portal\/wp-json\/wp\/v2\/comments?post=33072"}],"version-history":[{"count":0,"href":"https:\/\/www.pcnen.com\/portal\/wp-json\/wp\/v2\/posts\/33072\/revisions"}],"wp:attachment":[{"href":"https:\/\/www.pcnen.com\/portal\/wp-json\/wp\/v2\/media?parent=33072"}],"wp:term":[{"taxonomy":"category","embeddable":true,"href":"https:\/\/www.pcnen.com\/portal\/wp-json\/wp\/v2\/categories?post=33072"},{"taxonomy":"post_tag","embeddable":true,"href":"https:\/\/www.pcnen.com\/portal\/wp-json\/wp\/v2\/tags?post=33072"}],"curies":[{"name":"wp","href":"https:\/\/api.w.org\/{rel}","templated":true}]}}