{"id":33071,"date":"2009-12-04T10:49:41","date_gmt":"2009-12-04T10:49:41","guid":{"rendered":"http:\/\/www.pcnen.com\/portal\/?p=33071"},"modified":"2009-12-04T10:49:41","modified_gmt":"2009-12-04T10:49:41","slug":"samiti-eu-ubuduce-bez-sefova-diplomatija","status":"publish","type":"post","link":"https:\/\/www.pcnen.com\/portal\/2009\/12\/04\/samiti-eu-ubuduce-bez-sefova-diplomatija\/","title":{"rendered":"Samiti EU ubudu\u0107e bez \u0161efova diplomatija"},"content":{"rendered":"<p>&Scaron;vedska, koja predsjedava Evropskoj uniji do kraja godine, planira da na samite Evropske unije ubudu\u0107e zove samo &scaron;efove dr\u017eava i vlada, kako predvi\u0111a Lisabonski sporazum, prenio je <em>Tanjug<\/em> vijest agencije <em>APA<\/em>.<\/p>\n<p>&Scaron;vedska planira ve\u0107 na idu\u0107i samit, zakazan za 10. decembar u Briselu, da pozove samo vrh dr\u017eave, a ne i ministre inostranih poslova, koji su do sada u\u010destvovali na ovim sastancima.<\/p>\n<p>Prema Lisabonskom sporazumu, &scaron;efovi diplomatija mogu biti pozivani na samit, ali vi&scaron;e nisu, kao do sada, automatski u\u010desnici.<\/p>\n<p>Dvije tre\u0107ine zemalja \u010dlanica EU iritirane su ovim dijelom Lisabonskog sporazuma i razmi&scaron;ljanjima &Scaron;vedske s tim u vezi.<\/p>\n<p>U mnogim zemljama su na vlasti koalicione vlade, tako da su predsjednik vlade i ministar inostranih \u010desto iz dvije razli\u010dite stranke, pa je u\u010de&scaron;\u0107e oba \u010dlana vlade na samitu zbog toga bilo va\u017eno.<\/p>\n","protected":false},"excerpt":{"rendered":"<p>&Scaron;vedska, koja predsjedava Evropskoj uniji do kraja godine, planira da na samite Evropske unije ubudu\u0107e zove samo &scaron;efove dr\u017eava i vlada, kako predvi\u0111a Lisabonski sporazum, prenio je Tanjug vijest agencije APA. &Scaron;vedska planira ve\u0107 na idu\u0107i samit, zakazan za 10. decembar u Briselu, da pozove samo vrh dr\u017eave, a ne i ministre inostranih poslova, koji [&hellip;]<\/p>\n","protected":false},"author":1,"featured_media":0,"comment_status":"open","ping_status":"closed","sticky":false,"template":"","format":"standard","meta":{"_seopress_robots_primary_cat":"","_seopress_titles_title":"","_seopress_titles_desc":"","_seopress_robots_index":"","_et_pb_use_builder":"","_et_pb_old_content":"","_et_gb_content_width":"","inline_featured_image":false,"footnotes":""},"categories":[14],"tags":[],"class_list":["post-33071","post","type-post","status-publish","format-standard","hentry","category-vijesti"],"_links":{"self":[{"href":"https:\/\/www.pcnen.com\/portal\/wp-json\/wp\/v2\/posts\/33071","targetHints":{"allow":["GET"]}}],"collection":[{"href":"https:\/\/www.pcnen.com\/portal\/wp-json\/wp\/v2\/posts"}],"about":[{"href":"https:\/\/www.pcnen.com\/portal\/wp-json\/wp\/v2\/types\/post"}],"author":[{"embeddable":true,"href":"https:\/\/www.pcnen.com\/portal\/wp-json\/wp\/v2\/users\/1"}],"replies":[{"embeddable":true,"href":"https:\/\/www.pcnen.com\/portal\/wp-json\/wp\/v2\/comments?post=33071"}],"version-history":[{"count":0,"href":"https:\/\/www.pcnen.com\/portal\/wp-json\/wp\/v2\/posts\/33071\/revisions"}],"wp:attachment":[{"href":"https:\/\/www.pcnen.com\/portal\/wp-json\/wp\/v2\/media?parent=33071"}],"wp:term":[{"taxonomy":"category","embeddable":true,"href":"https:\/\/www.pcnen.com\/portal\/wp-json\/wp\/v2\/categories?post=33071"},{"taxonomy":"post_tag","embeddable":true,"href":"https:\/\/www.pcnen.com\/portal\/wp-json\/wp\/v2\/tags?post=33071"}],"curies":[{"name":"wp","href":"https:\/\/api.w.org\/{rel}","templated":true}]}}