{"id":33058,"date":"2009-12-03T14:22:40","date_gmt":"2009-12-03T14:22:40","guid":{"rendered":"http:\/\/www.pcnen.com\/portal\/?p=33058"},"modified":"2009-12-03T14:22:40","modified_gmt":"2009-12-03T14:22:40","slug":"nastavljen-proces-za-deportaciju-gradana-bih","status":"publish","type":"post","link":"https:\/\/www.pcnen.com\/portal\/2009\/12\/03\/nastavljen-proces-za-deportaciju-gradana-bih\/","title":{"rendered":"Nastavljen proces za deportaciju gra\u0111ana BiH"},"content":{"rendered":"<p>U podgori\u010dkom Vi&scaron;em sudu je nastavljen danas proces protiv biv&scaron;ih crnogorskih policijskih funkcionera koji su optu\u017eeni za ratni zlo\u010din protiv civilnog stanovni&scaron;tva &#8211; deportaciju gra\u0111ana BiH po\u010detkom 1992. godine.<\/p>\n<p>Danas su saslu&scaron;ani optu\u017eeni Branko Buji\u0107 i Sreten Glend\u017ea, koji su negirali navode iz optu\u017enice. <\/p>\n","protected":false},"excerpt":{"rendered":"<p>U podgori\u010dkom Vi&scaron;em sudu je nastavljen danas proces protiv biv&scaron;ih crnogorskih policijskih funkcionera koji su optu\u017eeni za ratni zlo\u010din protiv civilnog stanovni&scaron;tva &#8211; deportaciju gra\u0111ana BiH po\u010detkom 1992. godine. Danas su saslu&scaron;ani optu\u017eeni Branko Buji\u0107 i Sreten Glend\u017ea, koji su negirali navode iz optu\u017enice.<\/p>\n","protected":false},"author":1,"featured_media":0,"comment_status":"open","ping_status":"closed","sticky":false,"template":"","format":"standard","meta":{"_seopress_robots_primary_cat":"","_seopress_titles_title":"","_seopress_titles_desc":"","_seopress_robots_index":"","_et_pb_use_builder":"","_et_pb_old_content":"","_et_gb_content_width":"","inline_featured_image":false,"footnotes":""},"categories":[14],"tags":[],"class_list":["post-33058","post","type-post","status-publish","format-standard","hentry","category-vijesti"],"_links":{"self":[{"href":"https:\/\/www.pcnen.com\/portal\/wp-json\/wp\/v2\/posts\/33058","targetHints":{"allow":["GET"]}}],"collection":[{"href":"https:\/\/www.pcnen.com\/portal\/wp-json\/wp\/v2\/posts"}],"about":[{"href":"https:\/\/www.pcnen.com\/portal\/wp-json\/wp\/v2\/types\/post"}],"author":[{"embeddable":true,"href":"https:\/\/www.pcnen.com\/portal\/wp-json\/wp\/v2\/users\/1"}],"replies":[{"embeddable":true,"href":"https:\/\/www.pcnen.com\/portal\/wp-json\/wp\/v2\/comments?post=33058"}],"version-history":[{"count":0,"href":"https:\/\/www.pcnen.com\/portal\/wp-json\/wp\/v2\/posts\/33058\/revisions"}],"wp:attachment":[{"href":"https:\/\/www.pcnen.com\/portal\/wp-json\/wp\/v2\/media?parent=33058"}],"wp:term":[{"taxonomy":"category","embeddable":true,"href":"https:\/\/www.pcnen.com\/portal\/wp-json\/wp\/v2\/categories?post=33058"},{"taxonomy":"post_tag","embeddable":true,"href":"https:\/\/www.pcnen.com\/portal\/wp-json\/wp\/v2\/tags?post=33058"}],"curies":[{"name":"wp","href":"https:\/\/api.w.org\/{rel}","templated":true}]}}