{"id":33056,"date":"2009-12-03T13:49:45","date_gmt":"2009-12-03T13:49:45","guid":{"rendered":"http:\/\/www.pcnen.com\/portal\/?p=33056"},"modified":"2009-12-03T13:49:45","modified_gmt":"2009-12-03T13:49:45","slug":"hrvatska-trajno-ukida-vize-za-srbiju-i-crna-goru","status":"publish","type":"post","link":"https:\/\/www.pcnen.com\/portal\/2009\/12\/03\/hrvatska-trajno-ukida-vize-za-srbiju-i-crna-goru\/","title":{"rendered":"Hrvatska trajno ukida vize za Srbiju i Crna Goru"},"content":{"rendered":"<p>Vlada Hrvatske pokrenula je postupak kojim bi se Crna Gora i Srbija stavile na popis zemalja \u010dijim dr\u017eavljanima nije potrebna viza za boravak u Hrvatskoj do 90 dana, kazao je njen portparol, Zlatko Mehun. <\/p>\n<p>Gra\u0111ani Crne Gore i Srbije i dosada su bez viza mogli putovati u Hrvatsku, ali je taj re\u017eim bio privremen i produ\u017eavao se svake godine, prenosi <em>RSE<\/em>.<\/p>\n<p>Odluka je donesena po&scaron;to Evropska unija ukinula vize za Crnu Goru, Srbiju i Makedoniju, \u010dijim dr\u017eavljanima ne treba viza za ulazak u Hrvatsku.<\/p>\n","protected":false},"excerpt":{"rendered":"<p>Vlada Hrvatske pokrenula je postupak kojim bi se Crna Gora i Srbija stavile na popis zemalja \u010dijim dr\u017eavljanima nije potrebna viza za boravak u Hrvatskoj do 90 dana, kazao je njen portparol, Zlatko Mehun. Gra\u0111ani Crne Gore i Srbije i dosada su bez viza mogli putovati u Hrvatsku, ali je taj re\u017eim bio privremen i [&hellip;]<\/p>\n","protected":false},"author":1,"featured_media":0,"comment_status":"open","ping_status":"closed","sticky":false,"template":"","format":"standard","meta":{"_seopress_robots_primary_cat":"","_seopress_titles_title":"","_seopress_titles_desc":"","_seopress_robots_index":"","_et_pb_use_builder":"","_et_pb_old_content":"","_et_gb_content_width":"","inline_featured_image":false,"footnotes":""},"categories":[14],"tags":[],"class_list":["post-33056","post","type-post","status-publish","format-standard","hentry","category-vijesti"],"_links":{"self":[{"href":"https:\/\/www.pcnen.com\/portal\/wp-json\/wp\/v2\/posts\/33056","targetHints":{"allow":["GET"]}}],"collection":[{"href":"https:\/\/www.pcnen.com\/portal\/wp-json\/wp\/v2\/posts"}],"about":[{"href":"https:\/\/www.pcnen.com\/portal\/wp-json\/wp\/v2\/types\/post"}],"author":[{"embeddable":true,"href":"https:\/\/www.pcnen.com\/portal\/wp-json\/wp\/v2\/users\/1"}],"replies":[{"embeddable":true,"href":"https:\/\/www.pcnen.com\/portal\/wp-json\/wp\/v2\/comments?post=33056"}],"version-history":[{"count":0,"href":"https:\/\/www.pcnen.com\/portal\/wp-json\/wp\/v2\/posts\/33056\/revisions"}],"wp:attachment":[{"href":"https:\/\/www.pcnen.com\/portal\/wp-json\/wp\/v2\/media?parent=33056"}],"wp:term":[{"taxonomy":"category","embeddable":true,"href":"https:\/\/www.pcnen.com\/portal\/wp-json\/wp\/v2\/categories?post=33056"},{"taxonomy":"post_tag","embeddable":true,"href":"https:\/\/www.pcnen.com\/portal\/wp-json\/wp\/v2\/tags?post=33056"}],"curies":[{"name":"wp","href":"https:\/\/api.w.org\/{rel}","templated":true}]}}