{"id":33054,"date":"2009-12-03T12:50:54","date_gmt":"2009-12-03T12:50:54","guid":{"rendered":"http:\/\/www.pcnen.com\/portal\/?p=33054"},"modified":"2009-12-03T12:50:54","modified_gmt":"2009-12-03T12:50:54","slug":"crnoj-gori-i-dalje-blokiran-put-u-sto","status":"publish","type":"post","link":"https:\/\/www.pcnen.com\/portal\/2009\/12\/03\/crnoj-gori-i-dalje-blokiran-put-u-sto\/","title":{"rendered":"Crnoj Gori i dalje blokiran put u STO"},"content":{"rendered":"<p>Proces pristupanja Crne Gore Svjetskoj trgovinskoj organizaciji (STO) je blokiran, saop&scaron;tila je &nbsp;iz \u017deneve za radio <em>Antena M<\/em> Gordana \u0110urovi\u0107 glavna pregovara\u010dica za pristupanje Crne Gore i ministarka za evropske integracije, napominju\u0107i da je ta \u010dinjenica veoma razo\u010daravaju\u0107a za Vladu i frustriraju\u0107a za biznis zajednicu.<\/p>\n<p>U \u017denevi je, bez usvajanja posebne deklaracije, zavr&scaron;ena sedma ministarska konferencija STO.<\/p>\n<p>\u0110urovi\u0107 je na konferenciji optu\u017eila Ukrajinu za maksimalisti\u010dke zahtjeve kada je poljoprivreda u pitanju i zatra\u017eila da se promijene pravila pregovaranja i na tu \u010dlanicu STO izvr&scaron;i pritisak.<\/p>\n","protected":false},"excerpt":{"rendered":"<p>Proces pristupanja Crne Gore Svjetskoj trgovinskoj organizaciji (STO) je blokiran, saop&scaron;tila je &nbsp;iz \u017deneve za radio Antena M Gordana \u0110urovi\u0107 glavna pregovara\u010dica za pristupanje Crne Gore i ministarka za evropske integracije, napominju\u0107i da je ta \u010dinjenica veoma razo\u010daravaju\u0107a za Vladu i frustriraju\u0107a za biznis zajednicu. U \u017denevi je, bez usvajanja posebne deklaracije, zavr&scaron;ena sedma ministarska [&hellip;]<\/p>\n","protected":false},"author":1,"featured_media":0,"comment_status":"open","ping_status":"closed","sticky":false,"template":"","format":"standard","meta":{"_seopress_robots_primary_cat":"","_seopress_titles_title":"","_seopress_titles_desc":"","_seopress_robots_index":"","_et_pb_use_builder":"","_et_pb_old_content":"","_et_gb_content_width":"","inline_featured_image":false,"footnotes":""},"categories":[14],"tags":[],"class_list":["post-33054","post","type-post","status-publish","format-standard","hentry","category-vijesti"],"_links":{"self":[{"href":"https:\/\/www.pcnen.com\/portal\/wp-json\/wp\/v2\/posts\/33054","targetHints":{"allow":["GET"]}}],"collection":[{"href":"https:\/\/www.pcnen.com\/portal\/wp-json\/wp\/v2\/posts"}],"about":[{"href":"https:\/\/www.pcnen.com\/portal\/wp-json\/wp\/v2\/types\/post"}],"author":[{"embeddable":true,"href":"https:\/\/www.pcnen.com\/portal\/wp-json\/wp\/v2\/users\/1"}],"replies":[{"embeddable":true,"href":"https:\/\/www.pcnen.com\/portal\/wp-json\/wp\/v2\/comments?post=33054"}],"version-history":[{"count":0,"href":"https:\/\/www.pcnen.com\/portal\/wp-json\/wp\/v2\/posts\/33054\/revisions"}],"wp:attachment":[{"href":"https:\/\/www.pcnen.com\/portal\/wp-json\/wp\/v2\/media?parent=33054"}],"wp:term":[{"taxonomy":"category","embeddable":true,"href":"https:\/\/www.pcnen.com\/portal\/wp-json\/wp\/v2\/categories?post=33054"},{"taxonomy":"post_tag","embeddable":true,"href":"https:\/\/www.pcnen.com\/portal\/wp-json\/wp\/v2\/tags?post=33054"}],"curies":[{"name":"wp","href":"https:\/\/api.w.org\/{rel}","templated":true}]}}