{"id":33053,"date":"2009-12-03T11:43:57","date_gmt":"2009-12-03T11:43:57","guid":{"rendered":"http:\/\/www.pcnen.com\/portal\/?p=33053"},"modified":"2009-12-03T11:43:57","modified_gmt":"2009-12-03T11:43:57","slug":"brajovicu-se-ne-svida-veljovic","status":"publish","type":"post","link":"https:\/\/www.pcnen.com\/portal\/2009\/12\/03\/brajovicu-se-ne-svida-veljovic\/","title":{"rendered":"Brajovi\u0107u se ne svi\u0111a Veljovi\u0107"},"content":{"rendered":"<p>Prema izvorima <em>Vijesti,<\/em> Brajovi\u0107 je nezadovoljan Veljovi\u0107em zbog toga &scaron;to on ne \u017eeli da mu pola\u017ee ra\u010dune o svemu &scaron;to radi.<\/p>\n","protected":false},"excerpt":{"rendered":"<p>Ministar unutra&scaron;njih poslova i javne uprave Ivan Brajovi\u0107 bi radije predlo\u017eio da aktuelni direktor Uprave policije Veselin Veljovi\u0107 bude razrije&scaron;en du\u017enosti, nego da mu bude produ\u017een mandat, spekuli&scaron;e dnevnik <em>Vijesti,<\/em> pozivaju\u0107i se na neimenovane izvore.<\/p>\n","protected":false},"author":1,"featured_media":0,"comment_status":"open","ping_status":"closed","sticky":false,"template":"","format":"standard","meta":{"_seopress_robots_primary_cat":"","_seopress_titles_title":"","_seopress_titles_desc":"","_seopress_robots_index":"","_et_pb_use_builder":"","_et_pb_old_content":"","_et_gb_content_width":"","inline_featured_image":false,"footnotes":""},"categories":[14],"tags":[],"class_list":["post-33053","post","type-post","status-publish","format-standard","hentry","category-vijesti"],"_links":{"self":[{"href":"https:\/\/www.pcnen.com\/portal\/wp-json\/wp\/v2\/posts\/33053","targetHints":{"allow":["GET"]}}],"collection":[{"href":"https:\/\/www.pcnen.com\/portal\/wp-json\/wp\/v2\/posts"}],"about":[{"href":"https:\/\/www.pcnen.com\/portal\/wp-json\/wp\/v2\/types\/post"}],"author":[{"embeddable":true,"href":"https:\/\/www.pcnen.com\/portal\/wp-json\/wp\/v2\/users\/1"}],"replies":[{"embeddable":true,"href":"https:\/\/www.pcnen.com\/portal\/wp-json\/wp\/v2\/comments?post=33053"}],"version-history":[{"count":0,"href":"https:\/\/www.pcnen.com\/portal\/wp-json\/wp\/v2\/posts\/33053\/revisions"}],"wp:attachment":[{"href":"https:\/\/www.pcnen.com\/portal\/wp-json\/wp\/v2\/media?parent=33053"}],"wp:term":[{"taxonomy":"category","embeddable":true,"href":"https:\/\/www.pcnen.com\/portal\/wp-json\/wp\/v2\/categories?post=33053"},{"taxonomy":"post_tag","embeddable":true,"href":"https:\/\/www.pcnen.com\/portal\/wp-json\/wp\/v2\/tags?post=33053"}],"curies":[{"name":"wp","href":"https:\/\/api.w.org\/{rel}","templated":true}]}}