{"id":33052,"date":"2009-12-03T11:14:14","date_gmt":"2009-12-03T11:14:14","guid":{"rendered":"http:\/\/www.pcnen.com\/portal\/?p=33052"},"modified":"2009-12-03T11:14:14","modified_gmt":"2009-12-03T11:14:14","slug":"novinske-agencije-produbljuju-raspravu-o-klimi","status":"publish","type":"post","link":"https:\/\/www.pcnen.com\/portal\/2009\/12\/03\/novinske-agencije-produbljuju-raspravu-o-klimi\/","title":{"rendered":"Novinske agencije produbljuju raspravu o klimi"},"content":{"rendered":"<p>Agencija Frans pres i jo&scaron; deset novinskih agencija formirale su koaliciju koja poziva ljude iz \u010ditavog svijeta da se uklju\u010de u onlajn debatu tokom samita o klimi koji po\u010dinje u Kopenhagenu za pet dana. <\/p>\n<p>Novinske agencije odr\u017eava\u0107e zajedni\u010dku stranicu na Fejsbuku, koja \u0107e omogu\u0107iti direktan kontakt sa novinarima i urednicima koji izvje&scaron;tavaju o samitu, kao i o reakcijama u klju\u010dnim zemljama, prenosi agencija <em>Srna<\/em>.<\/p>\n<p>Akciju su podr\u017eale agencije AFP, ANP iz Holandije, AP, APA iz Austrije, AP kom iz Italije, Kanadska novinska agencija, DPA iz Njema\u010dke, Kjodo iz Japana, Lusa iz Portugala, Pres asocijacija iz Britanije i ruska agencija RIA.<\/p>\n<p>Ove agencije \u017eele da iskoriste najva\u017eniji me\u0111unarodni skup ove godine za privla\u010denje novih \u010ditalaca, kao i da ih direktnije uklju\u010de u onlajn izvje&scaron;tavanje.<\/p>\n<p>Akciju \u0107e pratiti i posebna stranica na servisu za ostavljanje kratkih poruka Tviter.<\/p>\n<p>Specijalnoj stranici na Fejsbuku mo\u017ee se pristupiit na adresi <a href=\"http:\/\/www.facebook.com\/TheClimatePool\">www.facebook.com\/TheClimatePool<\/a>. <\/p>\n","protected":false},"excerpt":{"rendered":"<p>Agencija Frans pres i jo&scaron; deset novinskih agencija formirale su koaliciju koja poziva ljude iz \u010ditavog svijeta da se uklju\u010de u onlajn debatu tokom samita o klimi koji po\u010dinje u Kopenhagenu za pet dana. Novinske agencije odr\u017eava\u0107e zajedni\u010dku stranicu na Fejsbuku, koja \u0107e omogu\u0107iti direktan kontakt sa novinarima i urednicima koji izvje&scaron;tavaju o samitu, kao [&hellip;]<\/p>\n","protected":false},"author":1,"featured_media":0,"comment_status":"open","ping_status":"closed","sticky":false,"template":"","format":"standard","meta":{"_seopress_robots_primary_cat":"","_seopress_titles_title":"","_seopress_titles_desc":"","_seopress_robots_index":"","_et_pb_use_builder":"","_et_pb_old_content":"","_et_gb_content_width":"","inline_featured_image":false,"footnotes":""},"categories":[14],"tags":[],"class_list":["post-33052","post","type-post","status-publish","format-standard","hentry","category-vijesti"],"_links":{"self":[{"href":"https:\/\/www.pcnen.com\/portal\/wp-json\/wp\/v2\/posts\/33052","targetHints":{"allow":["GET"]}}],"collection":[{"href":"https:\/\/www.pcnen.com\/portal\/wp-json\/wp\/v2\/posts"}],"about":[{"href":"https:\/\/www.pcnen.com\/portal\/wp-json\/wp\/v2\/types\/post"}],"author":[{"embeddable":true,"href":"https:\/\/www.pcnen.com\/portal\/wp-json\/wp\/v2\/users\/1"}],"replies":[{"embeddable":true,"href":"https:\/\/www.pcnen.com\/portal\/wp-json\/wp\/v2\/comments?post=33052"}],"version-history":[{"count":0,"href":"https:\/\/www.pcnen.com\/portal\/wp-json\/wp\/v2\/posts\/33052\/revisions"}],"wp:attachment":[{"href":"https:\/\/www.pcnen.com\/portal\/wp-json\/wp\/v2\/media?parent=33052"}],"wp:term":[{"taxonomy":"category","embeddable":true,"href":"https:\/\/www.pcnen.com\/portal\/wp-json\/wp\/v2\/categories?post=33052"},{"taxonomy":"post_tag","embeddable":true,"href":"https:\/\/www.pcnen.com\/portal\/wp-json\/wp\/v2\/tags?post=33052"}],"curies":[{"name":"wp","href":"https:\/\/api.w.org\/{rel}","templated":true}]}}