{"id":33051,"date":"2009-12-03T10:38:54","date_gmt":"2009-12-03T10:38:54","guid":{"rendered":"http:\/\/www.pcnen.com\/portal\/?p=33051"},"modified":"2009-12-03T10:38:54","modified_gmt":"2009-12-03T10:38:54","slug":"medunarodni-dan-osoba-sa-invaliditetom","status":"publish","type":"post","link":"https:\/\/www.pcnen.com\/portal\/2009\/12\/03\/medunarodni-dan-osoba-sa-invaliditetom\/","title":{"rendered":"Me\u0111unarodni dan osoba sa invaliditetom"},"content":{"rendered":"<p>U svijetu se danas obilje\u017eava Me\u0111unarodni dan osoba sa invaliditetom.<\/p>\n<p>Prema procjenama Ujedinjenih nacija, 10 odsto ukupne svjetske populacije \u010dine osobe sa nekim oblikom invaliditeta.<\/p>\n","protected":false},"excerpt":{"rendered":"<p>U svijetu se danas obilje\u017eava Me\u0111unarodni dan osoba sa invaliditetom. Prema procjenama Ujedinjenih nacija, 10 odsto ukupne svjetske populacije \u010dine osobe sa nekim oblikom invaliditeta.<\/p>\n","protected":false},"author":1,"featured_media":0,"comment_status":"open","ping_status":"closed","sticky":false,"template":"","format":"standard","meta":{"_seopress_robots_primary_cat":"","_seopress_titles_title":"","_seopress_titles_desc":"","_seopress_robots_index":"","_et_pb_use_builder":"","_et_pb_old_content":"","_et_gb_content_width":"","inline_featured_image":false,"footnotes":""},"categories":[14],"tags":[],"class_list":["post-33051","post","type-post","status-publish","format-standard","hentry","category-vijesti"],"_links":{"self":[{"href":"https:\/\/www.pcnen.com\/portal\/wp-json\/wp\/v2\/posts\/33051","targetHints":{"allow":["GET"]}}],"collection":[{"href":"https:\/\/www.pcnen.com\/portal\/wp-json\/wp\/v2\/posts"}],"about":[{"href":"https:\/\/www.pcnen.com\/portal\/wp-json\/wp\/v2\/types\/post"}],"author":[{"embeddable":true,"href":"https:\/\/www.pcnen.com\/portal\/wp-json\/wp\/v2\/users\/1"}],"replies":[{"embeddable":true,"href":"https:\/\/www.pcnen.com\/portal\/wp-json\/wp\/v2\/comments?post=33051"}],"version-history":[{"count":0,"href":"https:\/\/www.pcnen.com\/portal\/wp-json\/wp\/v2\/posts\/33051\/revisions"}],"wp:attachment":[{"href":"https:\/\/www.pcnen.com\/portal\/wp-json\/wp\/v2\/media?parent=33051"}],"wp:term":[{"taxonomy":"category","embeddable":true,"href":"https:\/\/www.pcnen.com\/portal\/wp-json\/wp\/v2\/categories?post=33051"},{"taxonomy":"post_tag","embeddable":true,"href":"https:\/\/www.pcnen.com\/portal\/wp-json\/wp\/v2\/tags?post=33051"}],"curies":[{"name":"wp","href":"https:\/\/api.w.org\/{rel}","templated":true}]}}