{"id":33048,"date":"2009-12-02T21:56:17","date_gmt":"2009-12-02T21:56:17","guid":{"rendered":"http:\/\/www.pcnen.com\/portal\/?p=33048"},"modified":"2009-12-02T21:56:17","modified_gmt":"2009-12-02T21:56:17","slug":"mesic-ce-tuziti-politikologa-darka-petricica","status":"publish","type":"post","link":"https:\/\/www.pcnen.com\/portal\/2009\/12\/02\/mesic-ce-tuziti-politikologa-darka-petricica\/","title":{"rendered":"Mesi\u0107 \u0107e tu\u017eiti politikologa Darka Petri\u010di\u0107a"},"content":{"rendered":"<p>Hrvatski predsjednik Stjepan Mesi\u0107 odlu\u010dio je da podnese privatnu tu\u017ebu protiv politikologa Darka Petri\u010di\u0107a koji je na Hrvatskoj televiziji izjavio da su Mesi\u0107evu predsjedni\u010dku kapmanju finansirali islamski teroristi i albanska mafija.<\/p>\n<p>Petri\u010di\u0107 je u emisiji <em>Dossier.hr<\/em> istakao da je Mesi\u0107 tokom svoje prve predsjedni\u010dke kampanje dosta duboko bio povezan s albanskim lobijem u Hrvatskoj, pa je kasnije mnogim ljudima bilo nejasno zbog \u010dega &quot;toliko dr\u017ei tu neku muslimansku struju i muslimanski lobi&quot;, te kako \u0107e Mesi\u0107a nakon mandata pratiti pridjev kontroverzan. <\/p>\n<p>&quot;U jednom trenutku je govorio protiv tajkuna koji su se obogatili preko no\u0107i, a s druge strane je od tih tajkuna uzimao donacije za svoju predsjedni\u010dku kampanju&quot;, rekao je tada Petri\u010di\u0107.<\/p>\n<p>Tokom gostovanja u emisiji povodom objavljivanja knjige &quot;Hrvatska u mre\u017ei mafije, kriminala i korupcije&quot;, Petri\u010di\u0107 je kao aktere kriminalnog i korupciona&scaron;kog miljea u Hrvatskoj ozna\u010dio i Iva Sanadera, Radimira \u010ca\u010di\u0107a, Juru Radi\u0107a, Zlatka Mate&scaron;u, Luku Bebi\u0107a, Vladimira &Scaron;eksa i jo&scaron; mnoge poznate li\u010dnosti hrvatskog politi\u010dkog \u017eivota.<\/p>\n<p>On je tom prilikom iznio veliki broj optu\u017ebi za korupciju i privredni kriminal, pa je zbog njegovog gostovanja glavni urednik Informativnog programa HTV Hloverka Novak-Srzi\u0107 smijenila glavnu urednicu emisije Anu Jelini\u0107. <\/p>\n<p>Petri\u010di\u0107 je u pismu nakon suspenzije Jelini\u0107eve napisao da stoji iza svih tvrdnji koje je iznio u emisiji. <\/p>\n<p>Petri\u010di\u0107 nije htio da komentari&scaron;e najavu tu\u017ebe, ali je za HRT kazao da protiv Mesi\u0107a priprema protivtu\u017ebu.<\/p>\n","protected":false},"excerpt":{"rendered":"<p>Hrvatski predsjednik Stjepan Mesi\u0107 odlu\u010dio je da podnese privatnu tu\u017ebu protiv politikologa Darka Petri\u010di\u0107a koji je na Hrvatskoj televiziji izjavio da su Mesi\u0107evu predsjedni\u010dku kapmanju finansirali islamski teroristi i albanska mafija. Petri\u010di\u0107 je u emisiji Dossier.hr istakao da je Mesi\u0107 tokom svoje prve predsjedni\u010dke kampanje dosta duboko bio povezan s albanskim lobijem u Hrvatskoj, pa [&hellip;]<\/p>\n","protected":false},"author":1,"featured_media":0,"comment_status":"open","ping_status":"closed","sticky":false,"template":"","format":"standard","meta":{"_seopress_robots_primary_cat":"","_seopress_titles_title":"","_seopress_titles_desc":"","_seopress_robots_index":"","_et_pb_use_builder":"","_et_pb_old_content":"","_et_gb_content_width":"","inline_featured_image":false,"footnotes":""},"categories":[14],"tags":[],"class_list":["post-33048","post","type-post","status-publish","format-standard","hentry","category-vijesti"],"_links":{"self":[{"href":"https:\/\/www.pcnen.com\/portal\/wp-json\/wp\/v2\/posts\/33048","targetHints":{"allow":["GET"]}}],"collection":[{"href":"https:\/\/www.pcnen.com\/portal\/wp-json\/wp\/v2\/posts"}],"about":[{"href":"https:\/\/www.pcnen.com\/portal\/wp-json\/wp\/v2\/types\/post"}],"author":[{"embeddable":true,"href":"https:\/\/www.pcnen.com\/portal\/wp-json\/wp\/v2\/users\/1"}],"replies":[{"embeddable":true,"href":"https:\/\/www.pcnen.com\/portal\/wp-json\/wp\/v2\/comments?post=33048"}],"version-history":[{"count":0,"href":"https:\/\/www.pcnen.com\/portal\/wp-json\/wp\/v2\/posts\/33048\/revisions"}],"wp:attachment":[{"href":"https:\/\/www.pcnen.com\/portal\/wp-json\/wp\/v2\/media?parent=33048"}],"wp:term":[{"taxonomy":"category","embeddable":true,"href":"https:\/\/www.pcnen.com\/portal\/wp-json\/wp\/v2\/categories?post=33048"},{"taxonomy":"post_tag","embeddable":true,"href":"https:\/\/www.pcnen.com\/portal\/wp-json\/wp\/v2\/tags?post=33048"}],"curies":[{"name":"wp","href":"https:\/\/api.w.org\/{rel}","templated":true}]}}