{"id":33045,"date":"2009-12-02T20:39:55","date_gmt":"2009-12-02T20:39:55","guid":{"rendered":"http:\/\/www.pcnen.com\/portal\/?p=33045"},"modified":"2009-12-02T20:39:55","modified_gmt":"2009-12-02T20:39:55","slug":"grcka-ce-blokirati-makedoniju-ka-eu","status":"publish","type":"post","link":"https:\/\/www.pcnen.com\/portal\/2009\/12\/02\/grcka-ce-blokirati-makedoniju-ka-eu\/","title":{"rendered":"Gr\u010dka \u0107e blokirati Makedoniju ka EU"},"content":{"rendered":"<p>Gr\u010dka vlada saop&scaron;tila je da \u0107e blokirati pretpristupne pregovore Makedonije s Evropskom unijom ukoliko ne bude rije&scaron;en spor izme\u0111u te dvije dr\u017eave oko imena, prenosi <em>Makfax<\/em>.<\/p>\n<p>Zamjenik ministra spoljnih poslova Gr\u010dke Dimitris Drucas rekao je na sastanku Savjeta ministara EU da je &quot;nezamislivo&quot; da 7. decembra po\u010dnu pregovori o \u010dlanstvu Makedonije u Evropskoj uniji, ako pitanje imena do tada ne bude rije&scaron;eno.<\/p>\n<p>&Scaron;ef makedonske diplomatije Antonio Milo&scaron;oski, koji prisustvuje me\u0111unarodnoj bezbijednosnoj konferenciji u Atini, izrazio je nadu da \u0107e dvije zemlje imati vremena da preispitaju svoje stavove prije sastanka EU.<\/p>\n","protected":false},"excerpt":{"rendered":"<p>Gr\u010dka vlada saop&scaron;tila je da \u0107e blokirati pretpristupne pregovore Makedonije s Evropskom unijom ukoliko ne bude rije&scaron;en spor izme\u0111u te dvije dr\u017eave oko imena, prenosi Makfax. Zamjenik ministra spoljnih poslova Gr\u010dke Dimitris Drucas rekao je na sastanku Savjeta ministara EU da je &quot;nezamislivo&quot; da 7. decembra po\u010dnu pregovori o \u010dlanstvu Makedonije u Evropskoj uniji, ako [&hellip;]<\/p>\n","protected":false},"author":1,"featured_media":0,"comment_status":"open","ping_status":"closed","sticky":false,"template":"","format":"standard","meta":{"_seopress_robots_primary_cat":"","_seopress_titles_title":"","_seopress_titles_desc":"","_seopress_robots_index":"","_et_pb_use_builder":"","_et_pb_old_content":"","_et_gb_content_width":"","inline_featured_image":false,"footnotes":""},"categories":[14],"tags":[],"class_list":["post-33045","post","type-post","status-publish","format-standard","hentry","category-vijesti"],"_links":{"self":[{"href":"https:\/\/www.pcnen.com\/portal\/wp-json\/wp\/v2\/posts\/33045","targetHints":{"allow":["GET"]}}],"collection":[{"href":"https:\/\/www.pcnen.com\/portal\/wp-json\/wp\/v2\/posts"}],"about":[{"href":"https:\/\/www.pcnen.com\/portal\/wp-json\/wp\/v2\/types\/post"}],"author":[{"embeddable":true,"href":"https:\/\/www.pcnen.com\/portal\/wp-json\/wp\/v2\/users\/1"}],"replies":[{"embeddable":true,"href":"https:\/\/www.pcnen.com\/portal\/wp-json\/wp\/v2\/comments?post=33045"}],"version-history":[{"count":0,"href":"https:\/\/www.pcnen.com\/portal\/wp-json\/wp\/v2\/posts\/33045\/revisions"}],"wp:attachment":[{"href":"https:\/\/www.pcnen.com\/portal\/wp-json\/wp\/v2\/media?parent=33045"}],"wp:term":[{"taxonomy":"category","embeddable":true,"href":"https:\/\/www.pcnen.com\/portal\/wp-json\/wp\/v2\/categories?post=33045"},{"taxonomy":"post_tag","embeddable":true,"href":"https:\/\/www.pcnen.com\/portal\/wp-json\/wp\/v2\/tags?post=33045"}],"curies":[{"name":"wp","href":"https:\/\/api.w.org\/{rel}","templated":true}]}}