{"id":33043,"date":"2009-12-02T18:31:00","date_gmt":"2009-12-02T18:31:00","guid":{"rendered":"http:\/\/www.pcnen.com\/portal\/?p=33043"},"modified":"2009-12-02T18:31:00","modified_gmt":"2009-12-02T18:31:00","slug":"seemo-zabrinut-situacijom-u-regionu","status":"publish","type":"post","link":"https:\/\/www.pcnen.com\/portal\/2009\/12\/02\/seemo-zabrinut-situacijom-u-regionu\/","title":{"rendered":"SEEMO zabrinut situacijom u regionu"},"content":{"rendered":"<p>Organizacija medija jugoisto\u010dne Evrope (SEEMO) zabrinuta je zbog politi\u010dkog mije&scaron;anja u rad javnih medija &scaron;irom jugoisto\u010dne i centralne Evrope, prenosi <em>Beta<\/em>. <\/p>\n<p>&quot;Alarmiraju\u0107e je to &scaron;to su novinari, urednici i menad\u017eeri u javnim servisima medija u BiH, Kosovu, Hrvatskoj i Ma\u0111arskoj pod politi\u010dkim, ekonomskim i finansijskim pritiskom&quot;, navodi se u saop&scaron;tenju SEEMO sa sjedi&scaron;tem u Be\u010du. <\/p>\n<p>SEEMO navodi da su novinari Radio-televizije BiH pod politi\u010dkim pritiskom i da je &quot;novinarima sprije\u010deno da rade nezavisno&quot;. <\/p>\n<p>Organizacija je dodala da je &quot;izuzetno zabrinuta zbog situacije u Radio-televiziji Kosova i rastu\u0107eg uticaja vlasti koji koriste tu medijsku ku\u0107u za svoju promociju&quot;. SEEMO dodaje da je direktor te ku\u0107e podnio ostavku pod politi\u010dkim pritiskom. <\/p>\n<p>&quot;Nekoliko kr&scaron;enja su registrovana u ure\u0111iva\u010dkoj politici Hrvatske radio-televizije&quot;, navodi se u saop&scaron;tenju i dodaje da je u nekoliko navrata bilo cenzure u izvje&scaron;tavanju o &quot;nekim problemima u hrvatskom dru&scaron;tvu&quot;. <\/p>\n<p>SEEMO navodi i slu\u010daj ma\u0111arske MTV, koja je sprovela velike bud\u017eetske rezove usled politi\u010dkog pritiska na tu medijsku ku\u0107u. <\/p>\n<p>&quot;Veoma je uznemiruju\u0107e da politi\u010dari poku&scaron;avaju da koriste javne servise za svoju propagandu. Posebno je zabrinjavaju\u0107e za zemlje regiona koji je razoren ratom i da javni servisi igraju negativnu ulogu&quot;, navodi se u saop&scaron;tenju. <\/p>\n<p>SEEMO dodaje da \u0107e nastaviti da pa\u017eljivo nadgleda situaciju i da podr\u017eava nezavisne medije. <\/p>\n","protected":false},"excerpt":{"rendered":"<p>Organizacija medija jugoisto\u010dne Evrope (SEEMO) zabrinuta je zbog politi\u010dkog mije&scaron;anja u rad javnih medija &scaron;irom jugoisto\u010dne i centralne Evrope, prenosi Beta. &quot;Alarmiraju\u0107e je to &scaron;to su novinari, urednici i menad\u017eeri u javnim servisima medija u BiH, Kosovu, Hrvatskoj i Ma\u0111arskoj pod politi\u010dkim, ekonomskim i finansijskim pritiskom&quot;, navodi se u saop&scaron;tenju SEEMO sa sjedi&scaron;tem u Be\u010du. [&hellip;]<\/p>\n","protected":false},"author":1,"featured_media":0,"comment_status":"open","ping_status":"closed","sticky":false,"template":"","format":"standard","meta":{"_seopress_robots_primary_cat":"","_seopress_titles_title":"","_seopress_titles_desc":"","_seopress_robots_index":"","_et_pb_use_builder":"","_et_pb_old_content":"","_et_gb_content_width":"","inline_featured_image":false,"footnotes":""},"categories":[14],"tags":[],"class_list":["post-33043","post","type-post","status-publish","format-standard","hentry","category-vijesti"],"_links":{"self":[{"href":"https:\/\/www.pcnen.com\/portal\/wp-json\/wp\/v2\/posts\/33043","targetHints":{"allow":["GET"]}}],"collection":[{"href":"https:\/\/www.pcnen.com\/portal\/wp-json\/wp\/v2\/posts"}],"about":[{"href":"https:\/\/www.pcnen.com\/portal\/wp-json\/wp\/v2\/types\/post"}],"author":[{"embeddable":true,"href":"https:\/\/www.pcnen.com\/portal\/wp-json\/wp\/v2\/users\/1"}],"replies":[{"embeddable":true,"href":"https:\/\/www.pcnen.com\/portal\/wp-json\/wp\/v2\/comments?post=33043"}],"version-history":[{"count":0,"href":"https:\/\/www.pcnen.com\/portal\/wp-json\/wp\/v2\/posts\/33043\/revisions"}],"wp:attachment":[{"href":"https:\/\/www.pcnen.com\/portal\/wp-json\/wp\/v2\/media?parent=33043"}],"wp:term":[{"taxonomy":"category","embeddable":true,"href":"https:\/\/www.pcnen.com\/portal\/wp-json\/wp\/v2\/categories?post=33043"},{"taxonomy":"post_tag","embeddable":true,"href":"https:\/\/www.pcnen.com\/portal\/wp-json\/wp\/v2\/tags?post=33043"}],"curies":[{"name":"wp","href":"https:\/\/api.w.org\/{rel}","templated":true}]}}