{"id":33035,"date":"2009-12-02T11:52:06","date_gmt":"2009-12-02T11:52:06","guid":{"rendered":"http:\/\/www.pcnen.com\/portal\/?p=33035"},"modified":"2009-12-02T11:52:06","modified_gmt":"2009-12-02T11:52:06","slug":"srbija-za-kompromis-o-statusu-kosova","status":"publish","type":"post","link":"https:\/\/www.pcnen.com\/portal\/2009\/12\/02\/srbija-za-kompromis-o-statusu-kosova\/","title":{"rendered":"Srbija za kompromis o statusu Kosova"},"content":{"rendered":"<p>Ministar spoljnih poslova Srbije Vuk Jeremi\u0107 je izjavio danas u Atini da \u0107e ocjena Me\u0111unarodnog suda pravde o jednostarno progla&scaron;enoj nezavisnosti Kosova otvoriti mogu\u0107nost za postizanje kompromisa o budu\u0107em statusu Kosova i upozorio da se &quot;ta &scaron;ansa ne sme propustiti&quot;, prenosi <em>Beta<\/em>.<\/p>\n<p>U govoru na 17. ministarskom sastanku OEBS, Jeremi\u0107 je ocijenio da je &quot;Srbija, opredeliv&scaron;i se za miroljubiv i nekonfrontiraju\u0107i pristup jednostrano progla&scaron;enoj nezavisnosti Kosova, stvorila novi model za re&scaron;avanje etni\u010dkih sukoba u 21 veku&quot;.<\/p>\n<p>&quot;To je na&scaron; doprinos regionalnoj i globalnoj obnovi poverenja, &scaron;to je od su&scaron;tinskog zna\u010daja za medjunarodni sistem koji se suo\u010dava sa sve ve\u0107im brojem savremenih izazova&quot;, dodao je.<\/p>\n<p>Jeremi\u0107 je naveo da se Srbija zala\u017ee za postizanje kompromisa o budu\u0107em statusu Kosova koji \u0107e biti &quot;prihvatljiv za sve strane, koji \u0107e konsolidovati mir i bezbednost na Zapadnom Balkanu i imati klju\u010dnu ulogu u ispunjenju centralnog strate&scaron;kog prioriteta Srbije \u010dlanstva u EU&quot;.<\/p>\n","protected":false},"excerpt":{"rendered":"<p>Ministar spoljnih poslova Srbije Vuk Jeremi\u0107 je izjavio danas u Atini da \u0107e ocjena Me\u0111unarodnog suda pravde o jednostarno progla&scaron;enoj nezavisnosti Kosova otvoriti mogu\u0107nost za postizanje kompromisa o budu\u0107em statusu Kosova i upozorio da se &quot;ta &scaron;ansa ne sme propustiti&quot;, prenosi Beta. U govoru na 17. ministarskom sastanku OEBS, Jeremi\u0107 je ocijenio da je &quot;Srbija, [&hellip;]<\/p>\n","protected":false},"author":1,"featured_media":0,"comment_status":"open","ping_status":"closed","sticky":false,"template":"","format":"standard","meta":{"_seopress_robots_primary_cat":"","_seopress_titles_title":"","_seopress_titles_desc":"","_seopress_robots_index":"","_et_pb_use_builder":"","_et_pb_old_content":"","_et_gb_content_width":"","inline_featured_image":false,"footnotes":""},"categories":[14],"tags":[],"class_list":["post-33035","post","type-post","status-publish","format-standard","hentry","category-vijesti"],"_links":{"self":[{"href":"https:\/\/www.pcnen.com\/portal\/wp-json\/wp\/v2\/posts\/33035","targetHints":{"allow":["GET"]}}],"collection":[{"href":"https:\/\/www.pcnen.com\/portal\/wp-json\/wp\/v2\/posts"}],"about":[{"href":"https:\/\/www.pcnen.com\/portal\/wp-json\/wp\/v2\/types\/post"}],"author":[{"embeddable":true,"href":"https:\/\/www.pcnen.com\/portal\/wp-json\/wp\/v2\/users\/1"}],"replies":[{"embeddable":true,"href":"https:\/\/www.pcnen.com\/portal\/wp-json\/wp\/v2\/comments?post=33035"}],"version-history":[{"count":0,"href":"https:\/\/www.pcnen.com\/portal\/wp-json\/wp\/v2\/posts\/33035\/revisions"}],"wp:attachment":[{"href":"https:\/\/www.pcnen.com\/portal\/wp-json\/wp\/v2\/media?parent=33035"}],"wp:term":[{"taxonomy":"category","embeddable":true,"href":"https:\/\/www.pcnen.com\/portal\/wp-json\/wp\/v2\/categories?post=33035"},{"taxonomy":"post_tag","embeddable":true,"href":"https:\/\/www.pcnen.com\/portal\/wp-json\/wp\/v2\/tags?post=33035"}],"curies":[{"name":"wp","href":"https:\/\/api.w.org\/{rel}","templated":true}]}}