{"id":33034,"date":"2009-12-02T12:12:10","date_gmt":"2009-12-02T12:12:10","guid":{"rendered":"http:\/\/www.pcnen.com\/portal\/?p=33034"},"modified":"2009-12-02T12:12:10","modified_gmt":"2009-12-02T12:12:10","slug":"cipelom-gadan-novinar-koji-je-to-isto-ucinio-busu-video","status":"publish","type":"post","link":"https:\/\/www.pcnen.com\/portal\/2009\/12\/02\/cipelom-gadan-novinar-koji-je-to-isto-ucinio-busu-video\/","title":{"rendered":"Cipelom ga\u0111an novinar koji je to isto u\u010dinio Bu\u0161u (video)"},"content":{"rendered":"<p>Ira\u010dki novinar koji se pro\u010duo time &scaron;to je cipelama ga\u0111ao biv&scaron;eg ameri\u010dkog predsjednika D\u017eord\u017ea Bu&scaron;a i sam je ovih dana u Parizu bio \u017ertva istog postupka, prenose online mediji agencijsku vijest.<\/p>\n<p>Dok je na konferenciji za &scaron;tampu promovisao kampanju za \u017ertve rata u Iraku, Muntazeru al Zaidiju na arapskom se obratio jedan ira\u010dki kolega koji ga je potom ga\u0111ao cipelama, ali ga nije pogodio.<\/p>\n<p>Kako je prenijela agencija Rojters, napada\u010d je zamjerio Zaidiju da je pristalica diktature u Iraku. <\/p>\n<p>Prisutni su ga odmah savladali i on je napustio konferencijsku salu osmjehuju\u0107i se.<\/p>\n<p>Al Zaidi je skinuo svoju cipelu i pojurio za napada\u010dem, ali ga nije sustigao.&nbsp;<\/p>\n<p>Muntazer al Zaidi je prvobitno bio osu\u0111en na tri godine zatvora zbog napada na stranog &scaron;efa dr\u017eave, ali mu je kazna potom smanjena na godinu. <\/p>\n<p>Iz zatvora je iza&scaron;ao sredinom septembra. <\/p>\n<div style=\"text-align: center\"><object classid=\"clsid:D27CDB6E-AE6D-11cf-96B8-444553540000\" codebase=\"http:\/\/download.macromedia.com\/pub\/shockwave\/cabs\/flash\/swflash.cab#version=6,0,29,0\" width=\"425\" height=\"344\"><param name=\"movie\" value=\"http:\/\/www.youtube.com\/v\/Ge0J7iRqIPU&amp;hl=en_US&amp;fs=1&amp;\" \/><param name=\"quality\" value=\"high\" \/><param name=\"menu\" value=\"false\" \/><param name=\"wmode\" value=\"\" \/><embed src=\"http:\/\/www.youtube.com\/v\/Ge0J7iRqIPU&amp;hl=en_US&amp;fs=1&amp;\" wmode=\"\" quality=\"high\" menu=\"false\" pluginspage=\"http:\/\/www.macromedia.com\/go\/getflashplayer\" type=\"application\/x-shockwave-flash\" width=\"425\" height=\"344\"><\/embed><\/object><\/div>\n","protected":false},"excerpt":{"rendered":"<p>Ira\u010dki novinar koji se pro\u010duo time &scaron;to je cipelama ga\u0111ao biv&scaron;eg ameri\u010dkog predsjednika D\u017eord\u017ea Bu&scaron;a i sam je ovih dana u Parizu bio \u017ertva istog postupka, prenose online mediji agencijsku vijest. Dok je na konferenciji za &scaron;tampu promovisao kampanju za \u017ertve rata u Iraku, Muntazeru al Zaidiju na arapskom se obratio jedan ira\u010dki kolega koji [&hellip;]<\/p>\n","protected":false},"author":1,"featured_media":0,"comment_status":"open","ping_status":"closed","sticky":false,"template":"","format":"standard","meta":{"_seopress_robots_primary_cat":"","_seopress_titles_title":"","_seopress_titles_desc":"","_seopress_robots_index":"","_et_pb_use_builder":"","_et_pb_old_content":"","_et_gb_content_width":"","inline_featured_image":false,"footnotes":""},"categories":[14],"tags":[],"class_list":["post-33034","post","type-post","status-publish","format-standard","hentry","category-vijesti"],"_links":{"self":[{"href":"https:\/\/www.pcnen.com\/portal\/wp-json\/wp\/v2\/posts\/33034","targetHints":{"allow":["GET"]}}],"collection":[{"href":"https:\/\/www.pcnen.com\/portal\/wp-json\/wp\/v2\/posts"}],"about":[{"href":"https:\/\/www.pcnen.com\/portal\/wp-json\/wp\/v2\/types\/post"}],"author":[{"embeddable":true,"href":"https:\/\/www.pcnen.com\/portal\/wp-json\/wp\/v2\/users\/1"}],"replies":[{"embeddable":true,"href":"https:\/\/www.pcnen.com\/portal\/wp-json\/wp\/v2\/comments?post=33034"}],"version-history":[{"count":0,"href":"https:\/\/www.pcnen.com\/portal\/wp-json\/wp\/v2\/posts\/33034\/revisions"}],"wp:attachment":[{"href":"https:\/\/www.pcnen.com\/portal\/wp-json\/wp\/v2\/media?parent=33034"}],"wp:term":[{"taxonomy":"category","embeddable":true,"href":"https:\/\/www.pcnen.com\/portal\/wp-json\/wp\/v2\/categories?post=33034"},{"taxonomy":"post_tag","embeddable":true,"href":"https:\/\/www.pcnen.com\/portal\/wp-json\/wp\/v2\/tags?post=33034"}],"curies":[{"name":"wp","href":"https:\/\/api.w.org\/{rel}","templated":true}]}}