{"id":33032,"date":"2009-12-01T22:26:50","date_gmt":"2009-12-01T22:26:50","guid":{"rendered":"http:\/\/www.pcnen.com\/portal\/?p=33032"},"modified":"2009-12-01T22:26:50","modified_gmt":"2009-12-01T22:26:50","slug":"un-osudile-odluku-svajcarske-o-zabrani-minareta","status":"publish","type":"post","link":"https:\/\/www.pcnen.com\/portal\/2009\/12\/01\/un-osudile-odluku-svajcarske-o-zabrani-minareta\/","title":{"rendered":"UN osudile odluku \u0160vajcarske o zabrani minareta"},"content":{"rendered":"<p>Visoka komesarka Ujedinjenih nacija za ljudska prava Navi Pilaj izjavila je danas da odluka o zabrani minareta u &Scaron;vajcarskoj predstavlja &quot;jasnu diskriminaciju&quot;.<\/p>\n<p>Piljaj je rekla da \u017eali zbog rezultata referenduma u &Scaron;vajcarskoj,&quot;koji rizikuju da stave tu zemlju u poziciju suprotnu medjunarodnim obavezama&quot;, prenijela je &scaron;vajcarska dr\u017eavna televizija <em>TSR<\/em>. <\/p>\n<p>U saop&scaron;tenju za javnost, visoki komesar UN za ljudska prava ocjenjuje da je zabrana minareta mo\u017ee izazvati &quot;duboke podjele&quot; i da je rije\u010d o odluci &quot;nesre\u0107noj&quot; po &Scaron;vajcarsku.<\/p>\n<p>&quot;Oklijevam da osudim demokratsko glasanje, ali ne\u0107u oklijevati da osudim politi\u010dke kampanje protiv stranaca u odre\u0111enim zemljama, uklju\u010duju\u0107i i &Scaron;vajcarsku, a koje su doprinijele takvim rezultatima&quot;, rekla je Navi Piljaj, prenosi <em>RSE<\/em>.<\/p>\n<p>Prema izvoru &scaron;vajcarske televizije, Visoki komesarijat UN za ljudska prava trenutno nastoji da preispita legalnost rezultata referenduma o zabrani minareta u &Scaron;vajcarskoj.<\/p>\n","protected":false},"excerpt":{"rendered":"<p>Visoka komesarka Ujedinjenih nacija za ljudska prava Navi Pilaj izjavila je danas da odluka o zabrani minareta u &Scaron;vajcarskoj predstavlja &quot;jasnu diskriminaciju&quot;. Piljaj je rekla da \u017eali zbog rezultata referenduma u &Scaron;vajcarskoj,&quot;koji rizikuju da stave tu zemlju u poziciju suprotnu medjunarodnim obavezama&quot;, prenijela je &scaron;vajcarska dr\u017eavna televizija TSR. U saop&scaron;tenju za javnost, visoki komesar UN [&hellip;]<\/p>\n","protected":false},"author":1,"featured_media":0,"comment_status":"open","ping_status":"closed","sticky":false,"template":"","format":"standard","meta":{"_seopress_robots_primary_cat":"","_seopress_titles_title":"","_seopress_titles_desc":"","_seopress_robots_index":"","_et_pb_use_builder":"","_et_pb_old_content":"","_et_gb_content_width":"","inline_featured_image":false,"footnotes":""},"categories":[14],"tags":[],"class_list":["post-33032","post","type-post","status-publish","format-standard","hentry","category-vijesti"],"_links":{"self":[{"href":"https:\/\/www.pcnen.com\/portal\/wp-json\/wp\/v2\/posts\/33032","targetHints":{"allow":["GET"]}}],"collection":[{"href":"https:\/\/www.pcnen.com\/portal\/wp-json\/wp\/v2\/posts"}],"about":[{"href":"https:\/\/www.pcnen.com\/portal\/wp-json\/wp\/v2\/types\/post"}],"author":[{"embeddable":true,"href":"https:\/\/www.pcnen.com\/portal\/wp-json\/wp\/v2\/users\/1"}],"replies":[{"embeddable":true,"href":"https:\/\/www.pcnen.com\/portal\/wp-json\/wp\/v2\/comments?post=33032"}],"version-history":[{"count":0,"href":"https:\/\/www.pcnen.com\/portal\/wp-json\/wp\/v2\/posts\/33032\/revisions"}],"wp:attachment":[{"href":"https:\/\/www.pcnen.com\/portal\/wp-json\/wp\/v2\/media?parent=33032"}],"wp:term":[{"taxonomy":"category","embeddable":true,"href":"https:\/\/www.pcnen.com\/portal\/wp-json\/wp\/v2\/categories?post=33032"},{"taxonomy":"post_tag","embeddable":true,"href":"https:\/\/www.pcnen.com\/portal\/wp-json\/wp\/v2\/tags?post=33032"}],"curies":[{"name":"wp","href":"https:\/\/api.w.org\/{rel}","templated":true}]}}