{"id":33031,"date":"2009-12-01T22:22:37","date_gmt":"2009-12-01T22:22:37","guid":{"rendered":"http:\/\/www.pcnen.com\/portal\/?p=33031"},"modified":"2009-12-01T22:22:37","modified_gmt":"2009-12-01T22:22:37","slug":"eu-ce-podrzati-crnu-goru-u-pregovorima-sa-sto","status":"publish","type":"post","link":"https:\/\/www.pcnen.com\/portal\/2009\/12\/01\/eu-ce-podrzati-crnu-goru-u-pregovorima-sa-sto\/","title":{"rendered":"EU \u0107e podr\u017eati Crnu Goru u pregovorima sa STO"},"content":{"rendered":"<p>Evropska unija pru\u017ei\u0107e Crnoj Gori punu podr&scaron;ku u procesu pristupanja Svjetskoj trgovinskoj organizaciji (STO), zbog zna\u010daja \u010dlanstva u toj asocijaciji za evropske integracije, saop&scaron;tio je zamjenik generalnog direktora Direktorata za trgovinu u Evropskoj komisiji, Piter Bala&scaron;.<\/p>\n<p>On je, na sastanku sa crnogorskim ministrom za evropske integracije, Gordanom \u0110urovi\u0107, ponovio je da je potrebno nastaviti komunikaciju sa predstavnicima Ukrajine na svim nivoima, drugim dr\u017eavama \u010dlanicama i Sekretarijatom STO-a, prenosi <em>RSE<\/em>.<\/p>\n<p>&quot;Samo zajedni\u010dkom akcijom zainteresovanih, mogu\u0107e je na\u0107i dogovor kako blokada procesa pristupanja u narednoj godini ne bi postala prisutna i na primjerima drugih zemalja koje \u010dekaju na \u010dlanstvo u STO&quot;, poru\u010dio je Bala&scaron; na sastanku, koji je odr\u017ean na marginama Ministarska koneferencije \u010dlanica STO.<\/p>\n<p>Iz crnogorske Vlade ju\u010de je saop&scaron;teno da su pregovori sa Ukrajinom, u okviru pristupanja Crne Gore STO, daleko od dogovora u oblasti poljoprivrede, jer nije mogu\u0107e ispo&scaron;tovati maksimalisti\u010dke ukrajinske zahtjeve.<\/p>\n","protected":false},"excerpt":{"rendered":"<p>Evropska unija pru\u017ei\u0107e Crnoj Gori punu podr&scaron;ku u procesu pristupanja Svjetskoj trgovinskoj organizaciji (STO), zbog zna\u010daja \u010dlanstva u toj asocijaciji za evropske integracije, saop&scaron;tio je zamjenik generalnog direktora Direktorata za trgovinu u Evropskoj komisiji, Piter Bala&scaron;. On je, na sastanku sa crnogorskim ministrom za evropske integracije, Gordanom \u0110urovi\u0107, ponovio je da je potrebno nastaviti komunikaciju [&hellip;]<\/p>\n","protected":false},"author":1,"featured_media":0,"comment_status":"open","ping_status":"closed","sticky":false,"template":"","format":"standard","meta":{"_seopress_robots_primary_cat":"","_seopress_titles_title":"","_seopress_titles_desc":"","_seopress_robots_index":"","_et_pb_use_builder":"","_et_pb_old_content":"","_et_gb_content_width":"","inline_featured_image":false,"footnotes":""},"categories":[14],"tags":[],"class_list":["post-33031","post","type-post","status-publish","format-standard","hentry","category-vijesti"],"_links":{"self":[{"href":"https:\/\/www.pcnen.com\/portal\/wp-json\/wp\/v2\/posts\/33031","targetHints":{"allow":["GET"]}}],"collection":[{"href":"https:\/\/www.pcnen.com\/portal\/wp-json\/wp\/v2\/posts"}],"about":[{"href":"https:\/\/www.pcnen.com\/portal\/wp-json\/wp\/v2\/types\/post"}],"author":[{"embeddable":true,"href":"https:\/\/www.pcnen.com\/portal\/wp-json\/wp\/v2\/users\/1"}],"replies":[{"embeddable":true,"href":"https:\/\/www.pcnen.com\/portal\/wp-json\/wp\/v2\/comments?post=33031"}],"version-history":[{"count":0,"href":"https:\/\/www.pcnen.com\/portal\/wp-json\/wp\/v2\/posts\/33031\/revisions"}],"wp:attachment":[{"href":"https:\/\/www.pcnen.com\/portal\/wp-json\/wp\/v2\/media?parent=33031"}],"wp:term":[{"taxonomy":"category","embeddable":true,"href":"https:\/\/www.pcnen.com\/portal\/wp-json\/wp\/v2\/categories?post=33031"},{"taxonomy":"post_tag","embeddable":true,"href":"https:\/\/www.pcnen.com\/portal\/wp-json\/wp\/v2\/tags?post=33031"}],"curies":[{"name":"wp","href":"https:\/\/api.w.org\/{rel}","templated":true}]}}