{"id":33027,"date":"2009-12-01T18:04:07","date_gmt":"2009-12-01T18:04:07","guid":{"rendered":"http:\/\/www.pcnen.com\/portal\/?p=33027"},"modified":"2009-12-01T18:04:07","modified_gmt":"2009-12-01T18:04:07","slug":"obama-salje-u-avganistan-jos-30-000-vojnika","status":"publish","type":"post","link":"https:\/\/www.pcnen.com\/portal\/2009\/12\/01\/obama-salje-u-avganistan-jos-30-000-vojnika\/","title":{"rendered":"Obama \u0161alje u Avganistan jo\u0161 30.000 vojnika"},"content":{"rendered":"<p>Predsjednik SAD Barak Obama posle\u0107e u narednih &scaron;est mjeseci u Avganistan jo&scaron; 30.000 ameri\u010dkih vojnika, izjavio je visoki zvani\u010dnik adminstracije u Va&scaron;ingtonu, prenosi<em> Beta<\/em>.<\/p>\n<p>Obama ve\u010deras iznijeti i okvirni vremenski rok u kojem \u0107e glavna ameri\u010dka vojna misija biti zavr&scaron;ena, rekao je taj zvani\u010dnik koji je tra\u017eio da ostane anoniman.<\/p>\n<p>S novih 30.000 vojnika u Avganistanu \u0107e ukupno biti vi&scaron;e od 100.000 ameri\u010dkih vojnika. Glavna misija novih snaga bi\u0107e suzbijanje napredovanja talibana i obezbje\u0111ivanje naseljenih mjesta na istoku i jugu Avganistana gdje su pobunjenici najja\u010di.<\/p>\n","protected":false},"excerpt":{"rendered":"<p>Predsjednik SAD Barak Obama posle\u0107e u narednih &scaron;est mjeseci u Avganistan jo&scaron; 30.000 ameri\u010dkih vojnika, izjavio je visoki zvani\u010dnik adminstracije u Va&scaron;ingtonu, prenosi Beta. Obama ve\u010deras iznijeti i okvirni vremenski rok u kojem \u0107e glavna ameri\u010dka vojna misija biti zavr&scaron;ena, rekao je taj zvani\u010dnik koji je tra\u017eio da ostane anoniman. S novih 30.000 vojnika u [&hellip;]<\/p>\n","protected":false},"author":1,"featured_media":0,"comment_status":"open","ping_status":"closed","sticky":false,"template":"","format":"standard","meta":{"_seopress_robots_primary_cat":"","_seopress_titles_title":"","_seopress_titles_desc":"","_seopress_robots_index":"","_et_pb_use_builder":"","_et_pb_old_content":"","_et_gb_content_width":"","inline_featured_image":false,"footnotes":""},"categories":[14],"tags":[],"class_list":["post-33027","post","type-post","status-publish","format-standard","hentry","category-vijesti"],"_links":{"self":[{"href":"https:\/\/www.pcnen.com\/portal\/wp-json\/wp\/v2\/posts\/33027","targetHints":{"allow":["GET"]}}],"collection":[{"href":"https:\/\/www.pcnen.com\/portal\/wp-json\/wp\/v2\/posts"}],"about":[{"href":"https:\/\/www.pcnen.com\/portal\/wp-json\/wp\/v2\/types\/post"}],"author":[{"embeddable":true,"href":"https:\/\/www.pcnen.com\/portal\/wp-json\/wp\/v2\/users\/1"}],"replies":[{"embeddable":true,"href":"https:\/\/www.pcnen.com\/portal\/wp-json\/wp\/v2\/comments?post=33027"}],"version-history":[{"count":0,"href":"https:\/\/www.pcnen.com\/portal\/wp-json\/wp\/v2\/posts\/33027\/revisions"}],"wp:attachment":[{"href":"https:\/\/www.pcnen.com\/portal\/wp-json\/wp\/v2\/media?parent=33027"}],"wp:term":[{"taxonomy":"category","embeddable":true,"href":"https:\/\/www.pcnen.com\/portal\/wp-json\/wp\/v2\/categories?post=33027"},{"taxonomy":"post_tag","embeddable":true,"href":"https:\/\/www.pcnen.com\/portal\/wp-json\/wp\/v2\/tags?post=33027"}],"curies":[{"name":"wp","href":"https:\/\/api.w.org\/{rel}","templated":true}]}}