{"id":33026,"date":"2009-12-01T18:00:27","date_gmt":"2009-12-01T18:00:27","guid":{"rendered":"http:\/\/www.pcnen.com\/portal\/?p=33026"},"modified":"2009-12-01T18:00:27","modified_gmt":"2009-12-01T18:00:27","slug":"blaca-u-kucnom-pritvoru","status":"publish","type":"post","link":"https:\/\/www.pcnen.com\/portal\/2009\/12\/01\/blaca-u-kucnom-pritvoru\/","title":{"rendered":"Blaca u ku\u0107nom pritvoru"},"content":{"rendered":"<p>Okru\u017eni sud u Pri&scaron;tini je odredio danas ku\u0107ni pritvor Nazimu Blaci, koji je prethodnih dana javno tvrdio da je odgovoran za politi\u010dka ubistva, prenosi <em>B92.<\/em><\/p>\n<p>Blaca je prije dva dana izjavio da je u\u010destvovao u ubistvima i zastra&scaron;ivanjima politi\u010dkih protivnika Ha&scaron;ima Ta\u010dija, a sino\u0107 je uhap&scaron;en zbog povezanosti sa ubistvima i umije&scaron;anosti u organizovani kriminal. <\/p>\n<p>Vijest o odre\u0111ivanju ku\u0107nog pritvora potvrdio je njegov avokat po slu\u017ebebnoj du\u017enosti Had\u017ei Milaku.<\/p>\n<p>&quot;Sudija Euleksa je odlu\u010dio da se Nazimu Blaci izrekne mjera ku\u0107nog pritvora od 30 dana u njegovom selu Veliko Ribare u op&scaron;tini Lipljan. Istragu o ovom slu\u010daju vodi\u0107e me\u0111unarodni tu\u017eilac&quot;, rekao je Milaku. <\/p>\n<p>Izjava Blace da je u\u010destvovao u likvidaciji vi&scaron;e politi\u010dkih protivnika aktuelnog premijera Kosova Ha&scaron;im Ta\u010dija izazvala je pravu politi\u010dku buru na Kosovu.<\/p>\n","protected":false},"excerpt":{"rendered":"<p>Okru\u017eni sud u Pri&scaron;tini je odredio danas ku\u0107ni pritvor Nazimu Blaci, koji je prethodnih dana javno tvrdio da je odgovoran za politi\u010dka ubistva, prenosi B92. Blaca je prije dva dana izjavio da je u\u010destvovao u ubistvima i zastra&scaron;ivanjima politi\u010dkih protivnika Ha&scaron;ima Ta\u010dija, a sino\u0107 je uhap&scaron;en zbog povezanosti sa ubistvima i umije&scaron;anosti u organizovani kriminal. [&hellip;]<\/p>\n","protected":false},"author":1,"featured_media":0,"comment_status":"open","ping_status":"closed","sticky":false,"template":"","format":"standard","meta":{"_seopress_robots_primary_cat":"","_seopress_titles_title":"","_seopress_titles_desc":"","_seopress_robots_index":"","_et_pb_use_builder":"","_et_pb_old_content":"","_et_gb_content_width":"","inline_featured_image":false,"footnotes":""},"categories":[14],"tags":[],"class_list":["post-33026","post","type-post","status-publish","format-standard","hentry","category-vijesti"],"_links":{"self":[{"href":"https:\/\/www.pcnen.com\/portal\/wp-json\/wp\/v2\/posts\/33026","targetHints":{"allow":["GET"]}}],"collection":[{"href":"https:\/\/www.pcnen.com\/portal\/wp-json\/wp\/v2\/posts"}],"about":[{"href":"https:\/\/www.pcnen.com\/portal\/wp-json\/wp\/v2\/types\/post"}],"author":[{"embeddable":true,"href":"https:\/\/www.pcnen.com\/portal\/wp-json\/wp\/v2\/users\/1"}],"replies":[{"embeddable":true,"href":"https:\/\/www.pcnen.com\/portal\/wp-json\/wp\/v2\/comments?post=33026"}],"version-history":[{"count":0,"href":"https:\/\/www.pcnen.com\/portal\/wp-json\/wp\/v2\/posts\/33026\/revisions"}],"wp:attachment":[{"href":"https:\/\/www.pcnen.com\/portal\/wp-json\/wp\/v2\/media?parent=33026"}],"wp:term":[{"taxonomy":"category","embeddable":true,"href":"https:\/\/www.pcnen.com\/portal\/wp-json\/wp\/v2\/categories?post=33026"},{"taxonomy":"post_tag","embeddable":true,"href":"https:\/\/www.pcnen.com\/portal\/wp-json\/wp\/v2\/tags?post=33026"}],"curies":[{"name":"wp","href":"https:\/\/api.w.org\/{rel}","templated":true}]}}