{"id":33023,"date":"2009-12-01T13:56:11","date_gmt":"2009-12-01T13:56:11","guid":{"rendered":"http:\/\/www.pcnen.com\/portal\/?p=33023"},"modified":"2009-12-01T13:56:11","modified_gmt":"2009-12-01T13:56:11","slug":"blaca-se-povjerio-unmik-u-prije-dvije-godine","status":"publish","type":"post","link":"https:\/\/www.pcnen.com\/portal\/2009\/12\/01\/blaca-se-povjerio-unmik-u-prije-dvije-godine\/","title":{"rendered":"Blaca se povjerio UNMIK-u prije dvije godine"},"content":{"rendered":"<p>Nazim Blaca, biv&scaron;i borac OVK i slu\u017ebenik kosovske dr\u017eavne bezbjednosti, koji je ju\u010de uhap&scaron;en nakon &scaron;to je javno govorio o politi\u010dkim ubistvima u kojima je i li\u010dno u\u010destovao, svoja saznanja je dostavio zvani\u010dnicima UNMIK jo&scaron; prije nego &scaron;to je napustio Kosovo 2007. godine, prenosi BBC.<\/p>\n<p>Blaca je napustio Kosovo 2007. godine jer je saznao da \u0107e biti ubijen po nalogu zvani\u010dnika DPK, ali se poslije boravka u Hrvatskoj sada vratio da javno svjedo\u010di o naru\u010denim ubistvima za koja zna. <\/p>\n<p>Predstavnik za &scaron;tampu Euleksa Kristofer Lamfalusi je rekao da \u0107e se Blaca pojaviti pred sudom danas.<\/p>\n","protected":false},"excerpt":{"rendered":"<p>Nazim Blaca, biv&scaron;i borac OVK i slu\u017ebenik kosovske dr\u017eavne bezbjednosti, koji je ju\u010de uhap&scaron;en nakon &scaron;to je javno govorio o politi\u010dkim ubistvima u kojima je i li\u010dno u\u010destovao, svoja saznanja je dostavio zvani\u010dnicima UNMIK jo&scaron; prije nego &scaron;to je napustio Kosovo 2007. godine, prenosi BBC. Blaca je napustio Kosovo 2007. godine jer je saznao da [&hellip;]<\/p>\n","protected":false},"author":1,"featured_media":0,"comment_status":"open","ping_status":"closed","sticky":false,"template":"","format":"standard","meta":{"_seopress_robots_primary_cat":"","_seopress_titles_title":"","_seopress_titles_desc":"","_seopress_robots_index":"","_et_pb_use_builder":"","_et_pb_old_content":"","_et_gb_content_width":"","inline_featured_image":false,"footnotes":""},"categories":[14],"tags":[],"class_list":["post-33023","post","type-post","status-publish","format-standard","hentry","category-vijesti"],"_links":{"self":[{"href":"https:\/\/www.pcnen.com\/portal\/wp-json\/wp\/v2\/posts\/33023","targetHints":{"allow":["GET"]}}],"collection":[{"href":"https:\/\/www.pcnen.com\/portal\/wp-json\/wp\/v2\/posts"}],"about":[{"href":"https:\/\/www.pcnen.com\/portal\/wp-json\/wp\/v2\/types\/post"}],"author":[{"embeddable":true,"href":"https:\/\/www.pcnen.com\/portal\/wp-json\/wp\/v2\/users\/1"}],"replies":[{"embeddable":true,"href":"https:\/\/www.pcnen.com\/portal\/wp-json\/wp\/v2\/comments?post=33023"}],"version-history":[{"count":0,"href":"https:\/\/www.pcnen.com\/portal\/wp-json\/wp\/v2\/posts\/33023\/revisions"}],"wp:attachment":[{"href":"https:\/\/www.pcnen.com\/portal\/wp-json\/wp\/v2\/media?parent=33023"}],"wp:term":[{"taxonomy":"category","embeddable":true,"href":"https:\/\/www.pcnen.com\/portal\/wp-json\/wp\/v2\/categories?post=33023"},{"taxonomy":"post_tag","embeddable":true,"href":"https:\/\/www.pcnen.com\/portal\/wp-json\/wp\/v2\/tags?post=33023"}],"curies":[{"name":"wp","href":"https:\/\/api.w.org\/{rel}","templated":true}]}}