{"id":330212,"date":"2021-10-15T12:04:24","date_gmt":"2021-10-15T10:04:24","guid":{"rendered":"https:\/\/www.pcnen.com\/portal\/?p=330212"},"modified":"2021-10-15T12:04:24","modified_gmt":"2021-10-15T10:04:24","slug":"kristalni-dan","status":"publish","type":"post","link":"https:\/\/www.pcnen.com\/portal\/2021\/10\/15\/kristalni-dan\/","title":{"rendered":"Kristalni dan"},"content":{"rendered":"<p>Crna Gora je imala najdugovje\u010dniju nepromjenjenu vlast u Evropi. Trideset godina su vladali jedna partija i jedan \u010dovjek, \u0161to je u demokratiji prosto nezamislivo. Koristili su se svim legalnim i nelagalnim sredstvima da odr\u017ee nekontrolisanu vlast, a institucije su postale farsa &#8211; servis te i takve vlasti a ne gra\u0111ana. Uprkos tome, da smo imali iole pristojnu alternativu to se, jednostavno, ne bi moglo desiti. Svo vrijeme opozicija je pokazivala razjedinjenost, sujetu, neznanje, da su im partijski interesi i li\u010dne privilegije na prvom mjestu \u2013 isto kao i vladaju\u0107em DPS-u, samo \u0161to je njihov kola\u010d bio manji, ali dovoljno velik da slasno u\u017eivaju i zadovolje se njime. Pored toga, nacionalizam, \u0161ovinizam i ekstremizam je bio lajt motiv ve\u0107eg dijela opozicije, tako da je i me\u0111unaradno zajednica \u2013 koja presudno uti\u010de na zbivanja i politi\u010dke tokove kod nas, nekad skriveno, nekad neskriveno, podr\u017eavala DPS i \u0110ukanovi\u0107a, dobro uvi\u0111aja\u0107i da je alternativa jo\u0161 gora. Najzad, kada je \u0110ukanovi\u0107 potpuno izgubio vezu sa realno\u0161\u0107u, po\u010dev\u0161i da se pona\u0161a kao afri\u010dki dikatatori, pustila ga je niz vodu, a opozicija je do\u0161la na vlast, nespremna na tako ne\u0161to, jer joj je o\u010dito bilo dobro da uvijek bude i izigrava opoziciju, te se za preuzimanje vlasti nije ni pripremala.<\/p>\n<p>Kada joj je ta obaveza nevoljno pripala, umjesto probu\u0111ene nade da \u0107e Crna Gora postati pristojno mjesto za \u017eivot svih njenih gra\u0111ana, kleronacionalizam, najprimitivni nacionalizam i \u0161ovinizam najgore vrste postali su njena agenda. Gra\u0111ani su preko no\u0107i preobra\u0107eni u po\u0161tovani narod, bra\u0107u i sestre. Crkva, kao neformalni pobjednik izbora je bila poluga i glavni podupira\u010d nikad ve\u0107ih podjela i mr\u017enje koju je sprovodila nova vlast, optu\u017euju\u0107i za nju opoziciju \u2013 koja je tako\u0111e vje\u0161to baratala podjelama i nacionilizmom dok je imala priliku za to. Ona vje\u0161to i tanano, sada\u0161nja nevje\u0161to, sirovo i surovo.<\/p>\n<p>Krenula je diskriminacija manjina identi\u010dna onoj iz devedesetih godina pro\u0161log vijeka, negiranje prava na postojanje Crnogoraca ni\u0161ta manje nego je bilo tih godina. Tako su u Vladi i namje\u0161tenjima \u201epo dubini\u201c manjine svedena na manje od tri posto zastupljenosti, iako ih u populaciji ima preko 20%. Retorika podr\u017eavaoca nove vlasti ali i nekih Vladinih namje\u0161tenika prema manjinama i Crnogorcima dobila je razmjere op\u0161te histerije, lin\u010da, \u0161ovinizma sa primjesama fa\u0161izma.<\/p>\n<p>U Pljevljima na primjer, u kojima \u017eive zna\u010dajan broj Bo\u0161njaka, pored stalnih verbalnih provokacija na nacionalnoj osnovi od uspostavljanja nove vlasti, direktor Rudnika uglja koji je kadar te vlasti je od 350 novouposlenih na\u0161ao mjesto za zaposlenje jednog Bo\u0161njaka. Dobro ste pro\u010ditali, jednog!<\/p>\n<p>Takvu diskriminaciju nije uspio sprovesti ni Hitler na po\u010detku \u00a0uspostavljanju rasnih zakona. \u0160to nije mogao on, nova vlast u Crnoj Gori pokazuje da mo\u017ee. I otprilike, na tome se zavr\u0161ava sva njena umje\u0161nost. Jer, za ovih godinu dana stalno traju trvenja vladaju\u0107eg trijumvirata. Vlada pada svakog dana, bojkutuje se Skup\u0161tina od strane dijela vladaju\u0107e ve\u0107ine, \u0161to je, mislim, jedinstven primjer u svijetu. Kao i prijetnje protestima protiv Vlade onih koji je svakog trenutka mogu sru\u0161iti dizanjem ruku.<\/p>\n<p>Skup\u0161tina ne funkcioni\u0161e, ne zakazuju se zasjedanja, desetine va\u017enih zakona \u00a0\u010dekaju usvajanje, a i usvajanje novog bud\u017eeta \u0107e biti krajnje upitno \u2013 kao i pro\u0161le godine, po preuzimanju vlasti. Stranke koje su se prikazivale kao gra\u0111anske, na djelu su pokazale da to nijesu. Tu prije svih mislim na tzv. Gra\u0111anski pokret URA i Demokrate. Jer da ima i\u0161ta gra\u0111anskog u njima, prosto bi vrisnule na sav glas zbog poslednjeg podatka o zapo\u0161ljavanju u Rudniku uglja. Nova vlast je svojim \u010dinjenjem ovih godinu dana odaslala jasnu poruku pripadnicima manjina da ih smatraju stranim tkivom u njihovoj viziji Crne Gore, konkretizuju\u0107i parole i grafite dobrog dijela svojih pristalica \u201eselite se Turci\u201c, na razne na\u010dine, a \u00a0namje\u0161tenjima i upo\u0161ljenjima najkonkretnije i najslikovitije.<\/p>\n<p>Krajnji je momenat za formiranje prelazne Vlade koja \u0107e pripremiti nove izbore. Ovakvo stanje postaje mu\u010denje za sve i svako odlaganje izbora \u0107e samo jo\u0161 vi\u0161e uslo\u017enjavati situaciju, stvaraju\u0107i jo\u0161 ve\u0107a trvenja i podjele koje mogu eskalirati u nasilje i sukobe.<\/p>\n","protected":false},"excerpt":{"rendered":"<p>Autor: Omer \u0160ARKI\u0106<\/p>\n","protected":false},"author":12,"featured_media":286086,"comment_status":"open","ping_status":"closed","sticky":false,"template":"","format":"standard","meta":{"_seopress_robots_primary_cat":"","_seopress_titles_title":"","_seopress_titles_desc":"","_seopress_robots_index":"","_et_pb_use_builder":"","_et_pb_old_content":"","_et_gb_content_width":"","inline_featured_image":false,"footnotes":""},"categories":[17],"tags":[],"class_list":["post-330212","post","type-post","status-publish","format-standard","has-post-thumbnail","hentry","category-blogovi"],"_links":{"self":[{"href":"https:\/\/www.pcnen.com\/portal\/wp-json\/wp\/v2\/posts\/330212","targetHints":{"allow":["GET"]}}],"collection":[{"href":"https:\/\/www.pcnen.com\/portal\/wp-json\/wp\/v2\/posts"}],"about":[{"href":"https:\/\/www.pcnen.com\/portal\/wp-json\/wp\/v2\/types\/post"}],"author":[{"embeddable":true,"href":"https:\/\/www.pcnen.com\/portal\/wp-json\/wp\/v2\/users\/12"}],"replies":[{"embeddable":true,"href":"https:\/\/www.pcnen.com\/portal\/wp-json\/wp\/v2\/comments?post=330212"}],"version-history":[{"count":3,"href":"https:\/\/www.pcnen.com\/portal\/wp-json\/wp\/v2\/posts\/330212\/revisions"}],"predecessor-version":[{"id":330215,"href":"https:\/\/www.pcnen.com\/portal\/wp-json\/wp\/v2\/posts\/330212\/revisions\/330215"}],"wp:featuredmedia":[{"embeddable":true,"href":"https:\/\/www.pcnen.com\/portal\/wp-json\/wp\/v2\/media\/286086"}],"wp:attachment":[{"href":"https:\/\/www.pcnen.com\/portal\/wp-json\/wp\/v2\/media?parent=330212"}],"wp:term":[{"taxonomy":"category","embeddable":true,"href":"https:\/\/www.pcnen.com\/portal\/wp-json\/wp\/v2\/categories?post=330212"},{"taxonomy":"post_tag","embeddable":true,"href":"https:\/\/www.pcnen.com\/portal\/wp-json\/wp\/v2\/tags?post=330212"}],"curies":[{"name":"wp","href":"https:\/\/api.w.org\/{rel}","templated":true}]}}