{"id":33020,"date":"2009-12-01T12:47:53","date_gmt":"2009-12-01T12:47:53","guid":{"rendered":"http:\/\/www.pcnen.com\/portal\/?p=33020"},"modified":"2009-12-01T12:47:53","modified_gmt":"2009-12-01T12:47:53","slug":"luksic-plate-ce-rasti-kad-bude-rasla-ekonomija","status":"publish","type":"post","link":"https:\/\/www.pcnen.com\/portal\/2009\/12\/01\/luksic-plate-ce-rasti-kad-bude-rasla-ekonomija\/","title":{"rendered":"Luk\u0161i\u0107: Plate \u0107e rasti kad bude rasla ekonomija"},"content":{"rendered":"<p>&quot;Da bi do&scaron;lo do pove\u0107anja zarada u budu\u0107em periodu ili vra\u0107anja na nivo koji sada imamo potrebno je da ekonomija po\u010dne da raste. Ne mo\u017eete imati rast zarada, kao &scaron;to smo mi imali, recimo, od tri do sedam posto u 2009. godini, a ekonomija pada pet posto&quot;, kazao je Luk&scaron;i\u0107 u emisiji <em>Vru\u0107e stolice <\/em>radija <em>Antena M.<\/em><\/p>\n<p>On je kazao da bi plate mogle rasti ako bi se smanjivao broj zaposlenih, ali je napomenuo da je on protiv takvih rje&scaron;enja. <\/p>\n","protected":false},"excerpt":{"rendered":"<p>Potpredsjednik Vlade Crne Gore i ministar finansija Igor Lu&scaron;i\u0107 je izjavio da plate vi&scaron;e ne\u0107e rasti ukoliko ne bude&nbsp;ekonomskog rasta.<\/p>\n","protected":false},"author":1,"featured_media":0,"comment_status":"open","ping_status":"closed","sticky":false,"template":"","format":"standard","meta":{"_seopress_robots_primary_cat":"","_seopress_titles_title":"","_seopress_titles_desc":"","_seopress_robots_index":"","_et_pb_use_builder":"","_et_pb_old_content":"","_et_gb_content_width":"","inline_featured_image":false,"footnotes":""},"categories":[14],"tags":[],"class_list":["post-33020","post","type-post","status-publish","format-standard","hentry","category-vijesti"],"_links":{"self":[{"href":"https:\/\/www.pcnen.com\/portal\/wp-json\/wp\/v2\/posts\/33020","targetHints":{"allow":["GET"]}}],"collection":[{"href":"https:\/\/www.pcnen.com\/portal\/wp-json\/wp\/v2\/posts"}],"about":[{"href":"https:\/\/www.pcnen.com\/portal\/wp-json\/wp\/v2\/types\/post"}],"author":[{"embeddable":true,"href":"https:\/\/www.pcnen.com\/portal\/wp-json\/wp\/v2\/users\/1"}],"replies":[{"embeddable":true,"href":"https:\/\/www.pcnen.com\/portal\/wp-json\/wp\/v2\/comments?post=33020"}],"version-history":[{"count":0,"href":"https:\/\/www.pcnen.com\/portal\/wp-json\/wp\/v2\/posts\/33020\/revisions"}],"wp:attachment":[{"href":"https:\/\/www.pcnen.com\/portal\/wp-json\/wp\/v2\/media?parent=33020"}],"wp:term":[{"taxonomy":"category","embeddable":true,"href":"https:\/\/www.pcnen.com\/portal\/wp-json\/wp\/v2\/categories?post=33020"},{"taxonomy":"post_tag","embeddable":true,"href":"https:\/\/www.pcnen.com\/portal\/wp-json\/wp\/v2\/tags?post=33020"}],"curies":[{"name":"wp","href":"https:\/\/api.w.org\/{rel}","templated":true}]}}