{"id":33011,"date":"2009-12-01T08:54:13","date_gmt":"2009-12-01T08:54:13","guid":{"rendered":"http:\/\/www.pcnen.com\/portal\/?p=33011"},"modified":"2009-12-01T08:54:13","modified_gmt":"2009-12-01T08:54:13","slug":"pocinje-rasprava-o-legalnosti-nezavisnosti-kosova","status":"publish","type":"post","link":"https:\/\/www.pcnen.com\/portal\/2009\/12\/01\/pocinje-rasprava-o-legalnosti-nezavisnosti-kosova\/","title":{"rendered":"Po\u010dinje rasprava o legalnosti nezavisnosti Kosova"},"content":{"rendered":"<p>&quot;Da li je jednostrano progla&scaron;enje nezavisnosti od strane privremenih institucija samouprave na Kosovu u skladu s me\u0111unarodnim pravom&quot;, glasi pitanje koje je Me\u0111unarodnom sudu pravde u oktobru pro&scaron;le godine, usvojiv&scaron;i rezoluciju na zahtjev Srbije, postavila Generalna skup&scaron;tina UN, podsje\u0107a agencija <em>Beta<\/em>.<\/p>\n<p>Svoje odgovore na to pitanje najvi&scaron;em sudu UN ponudi\u0107e, od 1. do 11. decembra, predstavnici 28 dr\u017eava i vlasti u Pri&scaron;tini koje su u februaru pro&scaron;le godine jednostrano proglasile nezavisnost Kosova. Za u\u010de&scaron;\u0107e u raspravi prijavilo se 30 zemalja, ali su u me\u0111uvremenu odustali Bahrein i Laos.<\/p>\n<p>Prvog dana rasprave, 1. decembra, argumente u ha&scaron;koj Palati mira izlo\u017ei\u0107e pravni zastupnici Srbije i vlasti u Pri&scaron;tini. Sud je stranama odredio po tri sata za obrazlaganje stavova.<\/p>\n","protected":false},"excerpt":{"rendered":"<p>Usmena rasprava o legalnosti jednostranog progla&scaron;enja nezavisnosti Kosova po\u010dinje danas pred Me\u0111unarodnim sudom pravde u Hagu.<\/p>\n","protected":false},"author":1,"featured_media":0,"comment_status":"open","ping_status":"closed","sticky":false,"template":"","format":"standard","meta":{"_seopress_robots_primary_cat":"","_seopress_titles_title":"","_seopress_titles_desc":"","_seopress_robots_index":"","_et_pb_use_builder":"","_et_pb_old_content":"","_et_gb_content_width":"","inline_featured_image":false,"footnotes":""},"categories":[14],"tags":[],"class_list":["post-33011","post","type-post","status-publish","format-standard","hentry","category-vijesti"],"_links":{"self":[{"href":"https:\/\/www.pcnen.com\/portal\/wp-json\/wp\/v2\/posts\/33011","targetHints":{"allow":["GET"]}}],"collection":[{"href":"https:\/\/www.pcnen.com\/portal\/wp-json\/wp\/v2\/posts"}],"about":[{"href":"https:\/\/www.pcnen.com\/portal\/wp-json\/wp\/v2\/types\/post"}],"author":[{"embeddable":true,"href":"https:\/\/www.pcnen.com\/portal\/wp-json\/wp\/v2\/users\/1"}],"replies":[{"embeddable":true,"href":"https:\/\/www.pcnen.com\/portal\/wp-json\/wp\/v2\/comments?post=33011"}],"version-history":[{"count":0,"href":"https:\/\/www.pcnen.com\/portal\/wp-json\/wp\/v2\/posts\/33011\/revisions"}],"wp:attachment":[{"href":"https:\/\/www.pcnen.com\/portal\/wp-json\/wp\/v2\/media?parent=33011"}],"wp:term":[{"taxonomy":"category","embeddable":true,"href":"https:\/\/www.pcnen.com\/portal\/wp-json\/wp\/v2\/categories?post=33011"},{"taxonomy":"post_tag","embeddable":true,"href":"https:\/\/www.pcnen.com\/portal\/wp-json\/wp\/v2\/tags?post=33011"}],"curies":[{"name":"wp","href":"https:\/\/api.w.org\/{rel}","templated":true}]}}