{"id":329693,"date":"2021-10-07T14:07:47","date_gmt":"2021-10-07T12:07:47","guid":{"rendered":"https:\/\/www.pcnen.com\/portal\/?p=329693"},"modified":"2021-10-07T14:20:36","modified_gmt":"2021-10-07T12:20:36","slug":"targetiranje-krivca","status":"publish","type":"post","link":"https:\/\/www.pcnen.com\/portal\/2021\/10\/07\/targetiranje-krivca\/","title":{"rendered":"Targetiranje krivca"},"content":{"rendered":"<p>Godinu dana traje mu\u010denje oko opstanka \u201eprve narodne i demokratske vlade\u201c. Od formiranja, poslije dogovora u manastiru Ostrog, uz posredovanje pokojnog mitropolita Amfilohija i nevoljnog pristajanje DF-a zbog autoriteta koji je Amfilohije imao, Krivokapi\u0107 i nova vlada su ru\u0161eni od prvog dana. Najve\u0107a opozicija Krivokapi\u0107u je bio savez \u010diju je listu predvodio, a ne DPS. Vlada je u saop\u0161tenjima i javnim izjavama DF-a padala svakodnevno, nekad i vi\u0161e puta dnevno. Krivokapi\u0107 je optu\u017eivan za sve i sva\u0161ta, nazivan svakojakvim imenima, pa je dobio \u010dak i epitet \u201eizdajni\u010dke tranje\u201c, \u00a0\u0161to najbolje govori o samom DF-u, njihovoj op\u0161toj politi\u010dkoj kulturi i kulturi javne komunikacije, ali i stabilnosti vlade. Abazovi\u0107, koji se u Skup\u0161tini \u00a0pohvalio da je manastir Ostrog bio pravo mjesto za klju\u010dni dogovor o formiranju vlade, dosegao je u tom trenutku slavu Nemanje Kusturice kod srpskih ekstremista i kleronacionalista. U atmosferi lin\u010da za druga\u010diji stav i mi\u0161ljenje \u2013 \u0161to je svako malo odlika crnogorskih euforija, napisao sam tada da manastir nije mjesto za dogovore o formiranju vlade, da nije na crkvi i mitropolitu da arbitrira oko njenog formiranja, i da \u0107e \u2013 \u0161to je klju\u010dno, isti taj Abazovi\u0107 ubrzo postati \u201e\u0161iptar, musliman u kojeg nema vjere, izdajnik&#8230;\u201c upravo u o\u010dima onih koji su ga tada najvi\u0161e slavili \u2013 \u0161to se upravo doga\u0111a.<\/p>\n<p>Vlada stvorena arbitriranjem i pritiscima od strane crkve, koja je dobila izbore zahvaljuju\u0107i uticaju crkve, pona\u0161ala se onako kako se, ipak, moglo o\u010dekivati. Crkva je postala glavna politi\u010dka snaga u zemlji, a namje\u0161tenja su dijeljena po zaslugama i vezama sa njom. Tako smo na jednoj strani dobili vladaju\u0107i kleronacionalizam, nasuprot kojeg je stao crnogorski nacionalizam podstaknut \u0110ukanovi\u0107evim navodnim patriotizmom. DF se pozicionirao jo\u0161 vi\u0161e desno postav\u0161i karnje ekstremna desnica, Demokrate su zahvaljuju\u0107i uticaju crkve do\u0161le na pozicije nekada\u0161njeg DF-a, a URA na poziciju Demokrata. Sve je po\u0161lo u &#8211; desno. Crnogorcima se od strane crkve direktno negira pravo na postojanja, \u00a0a \u0161to direktno \u0161to indirektno i od ne malog broja visokopozicionarih vladinih namje\u0161tenika. Uz potpuno izop\u0161tenje i marginalizovane manjina, a bez partije centra ili ljevice,\u00a0 Crnogorci i manjine su jednostavno gurnuti u naru\u010dje do zla boga kompromitovanog \u0110ukanovi\u0107a. Tako je stvoren ambijent predratne Bosne, sa mr\u017enjom i podjelama koja su nikad ve\u0107e.<\/p>\n<p>Pod svakodnevnim pritiscima DF-a da \u0107e oboriti vladu a poslije iznena\u0111uju\u0107eg dogovora sa Demokratama, \u00a0Krivokapi\u0107 je pristao na njenu rekonstrukciju uprkos tome \u0161to je znao \u2013 ili je bar morao znati, da URA na rekonstrukciju tra\u017eenu po volji DF-a mo\u017ee pristati jedino po cijenu ga\u0161enja partije. Uglavnom, onaj koga je Abazovi\u0107 najvi\u0161e branio prethodnih godinu dana, \u010desto neprincipijelno, namjerno ili nenamjerno, doveo je URA-u u bezizalaznu poziciju. Pregovori o rekonstrukciji su unaprijed bili osu\u0111eni na neuspjeh i nijesu se vodili da bi se vlada rekonstruisala, ve\u0107 da bi se targetirao krivac, za, vjerujem, skoro izglasavanje nepovjeranja vladi. Zato je Krivokapi\u0107 uporedo sa pregovorimo krenuo i sa predizbornom kampanjom preko ministra Spai\u0107a koji je obe\u0107ao gra\u0111anima perpetum mobile: da \u0107e se za godinu dana, iz ni\u010dega, prosje\u010dna plata u Crnoj Gori uve\u0107ati za 50%.<\/p>\n<p>Koji su jo\u0161 razlozi da se Krivokapi\u0107 opet pribli\u017ei Demokratskom frontu nude\u0107i mu alibi za obaranje vlade, ali i Demokrate, mogu samo da naga\u0111am. Mogu\u0107e da je crkva, u kojoj izme\u0111u centrale u \u00a0Beogradu i njene podru\u017enice u Crnoj Gori vi\u0161e nema neslaganja \u2013 zahvaljuju\u0107i mitropolitu Joanikiju, uticala na to da Krivokpi\u0107, Demokrate i DF otklone neprijateljstva i sklope bar neki pre\u0107utni savez u \u201evi\u0161em interesu\u201c, u kom bi URA i sve \u0161to makar miri\u0161e na gra\u0111ansko i crnogorsko(iako je oba ta \u201emirisa\u201c URA skoro izgubila), a nije krajnje kompromitovano kao DPS i privesci mu, bilo eliminisano. URA je upravo na tom putu \u2013 da bude uni\u0161tena, \u010dini mi se. Prihvatila ili ne rekonstrukciju vlade po zamisli DF-a, Demokrata i Krivokapi\u0107a, bi\u0107e krivac. Ako je prihvati, definitivno \u0107e postati \u201eizdajnik\u201c Crne Gore i njenih nacionalnih interesa, ako je ne prihvati \u2013 a mislim da je bli\u017ea toj opciji, bi\u0107e \u201eizdajnik\u201c i krivac za pad \u201eprve demokratske i narodne vlade\u201c. Uglavnom, URA je do\u0161la u najnezavidniju poziciju: \u0161to god uradi \u2013 kriva je.<\/p>\n<p>Sam pao, sam se ubio \u2013 ka\u017ee narodna poslovica.<\/p>\n<p>P.S. Najzad se i stranka Stranke pravde i pomirenja sjetila da je dio vladaju\u0107e koalicije Crno na bijelo i da je ipak nacionalna stranka Bo\u0161njaka kojih u toj vladi jednostavno nema &#8211; (i)zbrisani su.<\/p>\n<p>P.P.S. Ministraka zdravlja Jelena Borovoni\u0107 Bojovi\u0107 se srela sa svojim turskim kolegom. Turska \u0107e donirati 100 000 vakcina protiv Kovida-19 Crnoj Gori. Postoji mogu\u0107nost da se gra\u0111ani Crne Gore lije\u010de u turskim dr\u017eavnim bolnicama, te usavr\u0161avanja na\u0161ih doktora u Turskoj. Dogovorena je pomo\u0107 prilikom digitalne transformacije zdravstvenog sistema u kojoj Ankara prednja\u010di. Ministarka Borovini\u0107 je izrazila, po meni, ipak pretjerenu javnu zahvalnost i snishodljivost prema Turskoj. Me\u0111utim, u peto\u010dlanoj delegaciji na \u010delu sa ministarkom nije bilo nijednog pripadnika islamske vjere u multikonfesionalnoj Crnoj Gori, jer se takvi ni svije\u0107om ne\u00a0 mogu na\u0107i u aktuelnoj Vladi. A bilo bi dobro da je bilo. Prije svega zbog nas u Crnoj Gori, a i zbog doma\u0107ina Turske &#8211; \u010diji su zvani\u010dnici to sigurno primjetili. Sjetih se kako je omra\u017eeni Tito, kada je u posjeti i\u0161ao arpaskim ili prete\u017eno muslimanskim dr\u017eavama, uvijek na \u010delu delegacije stavljao D\u017eemala Bjedi\u0107a. Ali Tito je bio dr\u017eavnik za razliku od aktuelnih balkanskih poglavica i amatera.<\/p>\n","protected":false},"excerpt":{"rendered":"<p>Autor: Omer \u0160ARKI\u0106<\/p>\n","protected":false},"author":12,"featured_media":286086,"comment_status":"open","ping_status":"closed","sticky":false,"template":"","format":"standard","meta":{"_seopress_robots_primary_cat":"","_seopress_titles_title":"","_seopress_titles_desc":"","_seopress_robots_index":"","_et_pb_use_builder":"","_et_pb_old_content":"","_et_gb_content_width":"","inline_featured_image":false,"footnotes":""},"categories":[17],"tags":[],"class_list":["post-329693","post","type-post","status-publish","format-standard","has-post-thumbnail","hentry","category-blogovi"],"_links":{"self":[{"href":"https:\/\/www.pcnen.com\/portal\/wp-json\/wp\/v2\/posts\/329693","targetHints":{"allow":["GET"]}}],"collection":[{"href":"https:\/\/www.pcnen.com\/portal\/wp-json\/wp\/v2\/posts"}],"about":[{"href":"https:\/\/www.pcnen.com\/portal\/wp-json\/wp\/v2\/types\/post"}],"author":[{"embeddable":true,"href":"https:\/\/www.pcnen.com\/portal\/wp-json\/wp\/v2\/users\/12"}],"replies":[{"embeddable":true,"href":"https:\/\/www.pcnen.com\/portal\/wp-json\/wp\/v2\/comments?post=329693"}],"version-history":[{"count":5,"href":"https:\/\/www.pcnen.com\/portal\/wp-json\/wp\/v2\/posts\/329693\/revisions"}],"predecessor-version":[{"id":329699,"href":"https:\/\/www.pcnen.com\/portal\/wp-json\/wp\/v2\/posts\/329693\/revisions\/329699"}],"wp:featuredmedia":[{"embeddable":true,"href":"https:\/\/www.pcnen.com\/portal\/wp-json\/wp\/v2\/media\/286086"}],"wp:attachment":[{"href":"https:\/\/www.pcnen.com\/portal\/wp-json\/wp\/v2\/media?parent=329693"}],"wp:term":[{"taxonomy":"category","embeddable":true,"href":"https:\/\/www.pcnen.com\/portal\/wp-json\/wp\/v2\/categories?post=329693"},{"taxonomy":"post_tag","embeddable":true,"href":"https:\/\/www.pcnen.com\/portal\/wp-json\/wp\/v2\/tags?post=329693"}],"curies":[{"name":"wp","href":"https:\/\/api.w.org\/{rel}","templated":true}]}}