{"id":329549,"date":"2021-10-06T10:05:12","date_gmt":"2021-10-06T08:05:12","guid":{"rendered":"https:\/\/www.pcnen.com\/portal\/?p=329549"},"modified":"2021-10-06T10:06:59","modified_gmt":"2021-10-06T08:06:59","slug":"parlamentarna-vecina-danas-sa-premijerom","status":"publish","type":"post","link":"https:\/\/www.pcnen.com\/portal\/2021\/10\/06\/parlamentarna-vecina-danas-sa-premijerom\/","title":{"rendered":"Parlamentarna ve\u0107ina danas sa premijerom"},"content":{"rendered":"<p>Predstavnici parlamentarne ve\u0107ine i premijer Zdravko Krivokapi\u0107 danas \u0107e imati novi sastanak kako bi rije\u0161ili krizu vlast, a o\u010dekuju se konkretni predlozi u vezi sa rekonstrukcijom Vlade.<\/p>\n<p>Sastanak \u0107e biti odr\u017ean u zgradi Vlade, u 12 sati, a ve\u0107ina predstavnika partija na vlasti se nada dogovoru.<\/p>\n<p>\u201dVjerujemo da \u0107e dana\u0161nji sastanak biti i uspje\u0161an i produktivan\u201d, rekli su \u201cVijestima\u201d iz Demokratske Crne Gore.<\/p>\n<p>Zamjenik predsjednika Pokreta za promjene Branko Radulovi\u0107 za \u201cVijesti\u201d ka\u017ee da dogovor treba da po\u010diva na kvalitetnoj i reformskoj agendi.<\/p>\n<p>Poru\u010duje da je dana\u0161nji sastanak od istorijskog zna\u010daja i on \u0107e odrediti kakva i gdje \u0107e biti Crna Gora i za godinu i za deset, a mo\u017eda i du\u017ee.<\/p>\n<p>Dogovoru se nada i funkcioner Ujedinjene Crne Gore Goran Danilovi\u0107.<\/p>\n<p>Ve\u0107ina partija, osim GP URA, je za rekonstrukciju Vlade, tako da u izvr\u0161nu vlast u\u0111u i politi\u010dari .<\/p>\n<p>Iz URA su vi\u0161e puta rekli da je rekonstrukcija vlade mogu\u0107a samo na ekspertsko nestrana\u010dkom modelu na kome ve\u0107 postoji.<\/p>\n<p>\u201dPrethodno smo se izjasnili da \u0107e po pitanju rekonstrukcije Vlade Crne Gore zaklju\u010dnu rije\u010d dati Glavni odbor na\u0161e stranke, \u010dija \u0107e se sjednica uskoro odr\u017eati\u201d, rekli su \u201cVijestima\u201d iz partije Dritana Abazovi\u0107a.<\/p>\n<p>Na sastancima koje je Krivokapi\u0107 sa predstavnicima parlamentarne ve\u0107ine odvojeno odr\u017eao u petak i subotu, jedan od zaklju\u010daka bio je da im premijer tokom ove sedmice dostavi predlog rekonstrukcije Vlade.<\/p>\n<blockquote class=\"wp-embedded-content\" data-secret=\"YJhdUjaDnw\"><p><a href=\"https:\/\/www.pcnen.com\/portal\/2021\/10\/05\/danilovic-premijer-sjutra-predstavlja-plan-rekonstrukcije\/\">Danilovi\u0107: Premijer sjutra predstavlja plan rekonstrukcije?<\/a><\/p><\/blockquote>\n<p><iframe loading=\"lazy\" class=\"wp-embedded-content\" sandbox=\"allow-scripts\" security=\"restricted\" style=\"position: absolute; clip: rect(1px, 1px, 1px, 1px);\" title=\"&#8220;Danilovi\u0107: Premijer sjutra predstavlja plan rekonstrukcije?&#8221; &#8212; PCNEN\" src=\"https:\/\/www.pcnen.com\/portal\/2021\/10\/05\/danilovic-premijer-sjutra-predstavlja-plan-rekonstrukcije\/embed\/#?secret=VtTTQCKAFe#?secret=YJhdUjaDnw\" data-secret=\"YJhdUjaDnw\" width=\"600\" height=\"338\" frameborder=\"0\" marginwidth=\"0\" marginheight=\"0\" scrolling=\"no\"><\/iframe><\/p>\n","protected":false},"excerpt":{"rendered":"<p>Sastanak \u0107e biti odr\u017ean u zgradi Vlade, u 12 sati, a ve\u0107ina predstavnika partija na vlasti se nada dogovoru.<\/p>\n","protected":false},"author":1,"featured_media":306187,"comment_status":"open","ping_status":"closed","sticky":false,"template":"","format":"standard","meta":{"_seopress_robots_primary_cat":"","_seopress_titles_title":"","_seopress_titles_desc":"","_seopress_robots_index":"","_et_pb_use_builder":"","_et_pb_old_content":"","_et_gb_content_width":"","inline_featured_image":false,"footnotes":""},"categories":[14],"tags":[],"class_list":["post-329549","post","type-post","status-publish","format-standard","has-post-thumbnail","hentry","category-vijesti"],"_links":{"self":[{"href":"https:\/\/www.pcnen.com\/portal\/wp-json\/wp\/v2\/posts\/329549","targetHints":{"allow":["GET"]}}],"collection":[{"href":"https:\/\/www.pcnen.com\/portal\/wp-json\/wp\/v2\/posts"}],"about":[{"href":"https:\/\/www.pcnen.com\/portal\/wp-json\/wp\/v2\/types\/post"}],"author":[{"embeddable":true,"href":"https:\/\/www.pcnen.com\/portal\/wp-json\/wp\/v2\/users\/1"}],"replies":[{"embeddable":true,"href":"https:\/\/www.pcnen.com\/portal\/wp-json\/wp\/v2\/comments?post=329549"}],"version-history":[{"count":2,"href":"https:\/\/www.pcnen.com\/portal\/wp-json\/wp\/v2\/posts\/329549\/revisions"}],"predecessor-version":[{"id":329551,"href":"https:\/\/www.pcnen.com\/portal\/wp-json\/wp\/v2\/posts\/329549\/revisions\/329551"}],"wp:featuredmedia":[{"embeddable":true,"href":"https:\/\/www.pcnen.com\/portal\/wp-json\/wp\/v2\/media\/306187"}],"wp:attachment":[{"href":"https:\/\/www.pcnen.com\/portal\/wp-json\/wp\/v2\/media?parent=329549"}],"wp:term":[{"taxonomy":"category","embeddable":true,"href":"https:\/\/www.pcnen.com\/portal\/wp-json\/wp\/v2\/categories?post=329549"},{"taxonomy":"post_tag","embeddable":true,"href":"https:\/\/www.pcnen.com\/portal\/wp-json\/wp\/v2\/tags?post=329549"}],"curies":[{"name":"wp","href":"https:\/\/api.w.org\/{rel}","templated":true}]}}