{"id":329490,"date":"2021-10-05T09:48:21","date_gmt":"2021-10-05T07:48:21","guid":{"rendered":"https:\/\/www.pcnen.com\/portal\/?p=329490"},"modified":"2021-10-05T13:01:23","modified_gmt":"2021-10-05T11:01:23","slug":"danilovic-premijer-sjutra-predstavlja-plan-rekonstrukcije","status":"publish","type":"post","link":"https:\/\/www.pcnen.com\/portal\/2021\/10\/05\/danilovic-premijer-sjutra-predstavlja-plan-rekonstrukcije\/","title":{"rendered":"Danilovi\u0107: Premijer sjutra predstavlja plan rekonstrukcije?"},"content":{"rendered":"<p>Premijer Zdravko Krivokapi\u0107 odr\u017ea\u0107e sjutra sastanak sa liderima parlamentarne ve\u0107ine, saop\u0161tio je lider Ujedinjene Crne Gore Goran Danilovi\u0107 u Jutarnjem programu TVCG.<\/p>\n<p>Sastanak \u0107e biti odr\u017ean s po\u010detkom u \u00a012 sati, u zgradi Vlade.<\/p>\n<p>&#8220;O\u010dekujem da nakon prvog kruga razgovora, gdje smo se pojedina\u010dno sastali, da \u0107e sjutra\u0161nji sastanak donijeti mnogo vi\u0161e novih informacija i da \u0107e nas premijer upoznati sa svojim idejom i planom&#8221;, kazao je Danilovi\u0107.<\/p>\n<p>&#8220;\u010cini mi se da smo svi, pod malim ili velikim uslovima, prihvatili rekonstrukciju , da je to najbolji put&#8221;, kazao je Danilovi\u0107.<\/p>\n<p>&#8220;Nijesmo u Crnoj Gori nau\u010dili da se ovako te\u0161ko dogovaramo. Znalo se ko pobje\u0111uje i kako se pravi Vlada. Kada je trebalo da se dogovore tri koalicije, znao sam da \u0107e biti te\u0161ko, ali sam vjerovao da imamo dovoljno politi\u010dkog iskustva da te probleme mo\u017eemo rje\u0161avati usput. Prili\u010dno smo se pogubili u me\u0111uvremenu, zakomplikovalo se, i mislim da je dobro \u0161to se to ne krije i \u0161to se ne mo\u017ee sakriti&#8221;, rekao je Danilovi\u0107.<\/p>\n<p>Poru\u010dio je da moraju preuzeti odgovornost i biti svjesni da im narod ne\u0107e dovijeka opra\u0161tati.<\/p>\n<p>&#8220;Moramo pokazati da li smo dostoji da obavljamo izvr\u0161nu vlast ili ne. Nadam se da nam je narod dao jo\u0161 jednu \u0161ansu&#8221;, kazao je Danilovi\u0107.<\/p>\n","protected":false},"excerpt":{"rendered":"<p>Nadam se da nam je narod dao jo\u0161 jednu \u0161ansu<\/p>\n","protected":false},"author":1,"featured_media":294519,"comment_status":"open","ping_status":"closed","sticky":false,"template":"","format":"standard","meta":{"_seopress_robots_primary_cat":"","_seopress_titles_title":"","_seopress_titles_desc":"","_seopress_robots_index":"","_et_pb_use_builder":"","_et_pb_old_content":"","_et_gb_content_width":"","inline_featured_image":false,"footnotes":""},"categories":[14],"tags":[],"class_list":["post-329490","post","type-post","status-publish","format-standard","has-post-thumbnail","hentry","category-vijesti"],"_links":{"self":[{"href":"https:\/\/www.pcnen.com\/portal\/wp-json\/wp\/v2\/posts\/329490","targetHints":{"allow":["GET"]}}],"collection":[{"href":"https:\/\/www.pcnen.com\/portal\/wp-json\/wp\/v2\/posts"}],"about":[{"href":"https:\/\/www.pcnen.com\/portal\/wp-json\/wp\/v2\/types\/post"}],"author":[{"embeddable":true,"href":"https:\/\/www.pcnen.com\/portal\/wp-json\/wp\/v2\/users\/1"}],"replies":[{"embeddable":true,"href":"https:\/\/www.pcnen.com\/portal\/wp-json\/wp\/v2\/comments?post=329490"}],"version-history":[{"count":2,"href":"https:\/\/www.pcnen.com\/portal\/wp-json\/wp\/v2\/posts\/329490\/revisions"}],"predecessor-version":[{"id":329506,"href":"https:\/\/www.pcnen.com\/portal\/wp-json\/wp\/v2\/posts\/329490\/revisions\/329506"}],"wp:featuredmedia":[{"embeddable":true,"href":"https:\/\/www.pcnen.com\/portal\/wp-json\/wp\/v2\/media\/294519"}],"wp:attachment":[{"href":"https:\/\/www.pcnen.com\/portal\/wp-json\/wp\/v2\/media?parent=329490"}],"wp:term":[{"taxonomy":"category","embeddable":true,"href":"https:\/\/www.pcnen.com\/portal\/wp-json\/wp\/v2\/categories?post=329490"},{"taxonomy":"post_tag","embeddable":true,"href":"https:\/\/www.pcnen.com\/portal\/wp-json\/wp\/v2\/tags?post=329490"}],"curies":[{"name":"wp","href":"https:\/\/api.w.org\/{rel}","templated":true}]}}