{"id":329392,"date":"2021-10-04T11:01:49","date_gmt":"2021-10-04T09:01:49","guid":{"rendered":"https:\/\/www.pcnen.com\/portal\/?p=329392"},"modified":"2021-10-04T11:03:24","modified_gmt":"2021-10-04T09:03:24","slug":"poginuo-karikaturista-koji-je-uvrijedio-muslimane","status":"publish","type":"post","link":"https:\/\/www.pcnen.com\/portal\/2021\/10\/04\/poginuo-karikaturista-koji-je-uvrijedio-muslimane\/","title":{"rendered":"Poginuo karikaturista koji je uvrijedio muslimane"},"content":{"rendered":"<p>Vilks je bio u civilnom autu policije koje se sudarilo sa kamionom nedaleko od grada Markarid na jugu \u0160vedske.<\/p>\n<p>Poginula su i dva slu\u017ebenika policije, dok je voza\u010d kamiona povrije\u0111en.<\/p>\n<p>Vilks je \u017eivio pod policijskom za\u0161titom, jer je zbog karikatura dobijao prijetnje smr\u0107u.<\/p>\n<p>On je prije 11 godina<a href=\"https:\/\/www.pcnen.com\/portal\/2010\/05\/11\/napadnut-autor-muhameda-s-psecom-glavom-video\/\" target=\"_blank\" rel=\"noopener noreferrer\"> napadnut<\/a> dok je dr\u017eao predavanje o slobodi govora na univerzitetu Upsala, koji je od \u0161vedske prestonice Stokholma udaljen 70 kilometara.<\/p>\n","protected":false},"excerpt":{"rendered":"<p>\u0160vedski crta\u010d Lars Vilks (75), autor karikature proroka Muhameda sa pse\u0107om glavom, poginuo je u saobra\u0107ajnoj nesre\u0107i u nedJelju, prenose inostrani mediji.<\/p>\n","protected":false},"author":1,"featured_media":327317,"comment_status":"open","ping_status":"closed","sticky":false,"template":"","format":"standard","meta":{"_seopress_robots_primary_cat":"","_seopress_titles_title":"","_seopress_titles_desc":"","_seopress_robots_index":"","_et_pb_use_builder":"","_et_pb_old_content":"","_et_gb_content_width":"","inline_featured_image":false,"footnotes":""},"categories":[14],"tags":[],"class_list":["post-329392","post","type-post","status-publish","format-standard","has-post-thumbnail","hentry","category-vijesti"],"_links":{"self":[{"href":"https:\/\/www.pcnen.com\/portal\/wp-json\/wp\/v2\/posts\/329392","targetHints":{"allow":["GET"]}}],"collection":[{"href":"https:\/\/www.pcnen.com\/portal\/wp-json\/wp\/v2\/posts"}],"about":[{"href":"https:\/\/www.pcnen.com\/portal\/wp-json\/wp\/v2\/types\/post"}],"author":[{"embeddable":true,"href":"https:\/\/www.pcnen.com\/portal\/wp-json\/wp\/v2\/users\/1"}],"replies":[{"embeddable":true,"href":"https:\/\/www.pcnen.com\/portal\/wp-json\/wp\/v2\/comments?post=329392"}],"version-history":[{"count":2,"href":"https:\/\/www.pcnen.com\/portal\/wp-json\/wp\/v2\/posts\/329392\/revisions"}],"predecessor-version":[{"id":329397,"href":"https:\/\/www.pcnen.com\/portal\/wp-json\/wp\/v2\/posts\/329392\/revisions\/329397"}],"wp:featuredmedia":[{"embeddable":true,"href":"https:\/\/www.pcnen.com\/portal\/wp-json\/wp\/v2\/media\/327317"}],"wp:attachment":[{"href":"https:\/\/www.pcnen.com\/portal\/wp-json\/wp\/v2\/media?parent=329392"}],"wp:term":[{"taxonomy":"category","embeddable":true,"href":"https:\/\/www.pcnen.com\/portal\/wp-json\/wp\/v2\/categories?post=329392"},{"taxonomy":"post_tag","embeddable":true,"href":"https:\/\/www.pcnen.com\/portal\/wp-json\/wp\/v2\/tags?post=329392"}],"curies":[{"name":"wp","href":"https:\/\/api.w.org\/{rel}","templated":true}]}}