{"id":329215,"date":"2021-10-01T19:58:37","date_gmt":"2021-10-01T17:58:37","guid":{"rendered":"https:\/\/www.pcnen.com\/portal\/?p=329215"},"modified":"2021-10-01T19:59:28","modified_gmt":"2021-10-01T17:59:28","slug":"prvi-krug-konsultacija-o-rekonstrukciji-vlade-cg","status":"publish","type":"post","link":"https:\/\/www.pcnen.com\/portal\/2021\/10\/01\/prvi-krug-konsultacija-o-rekonstrukciji-vlade-cg\/","title":{"rendered":"Prvi krug konsultacija o rekonstrukciji Vlade CG"},"content":{"rendered":"<p>Premijer Crne Gore Zdravko Krivokapi\u0107 je odr\u017eao prvi krug konsultacija s predstavnicima parlamentarne ve\u0107ine o rekonstrukciji Vlade.<\/p>\n<p>Razgovarao je s konstituentima prosrpskog Demokratskog fronta (DF), najbrojnije \u010dlanice vladaju\u0107e koalicije, \u010diji je nosilac izborne liste bio na parlamentarnim izborima u avgustu 2020, a koja mu je poslednjih mjeseci uskratila podr\u0161ku.<\/p>\n<p>DF nema predstavnike u aktuelnoj Vladi, jer je formirana na ekspertskoj osnovi. Oni su u vi\u0161e navrata o\u0161tro kritikovali Krivokapi\u0107ev koncept ekspertske vlade smatraju\u0107i da i politi\u010dari treba da participiraju u izvr\u0161noj vlasti, porsje\u0107a RSE.<\/p>\n<p>Sredinom juna su pozvali da se \u201cizabere nova Vlada ili ide na nove izbore\u201d.<\/p>\n<p>Jedan od lidera DF i predsjednik Demokratske narodne partije Milan Kne\u017eevi\u0107 je nakon razgovora sa Krivokapi\u0107em izjavio \u201cda je status kvo neodr\u017eiv\u201d i da se hitno mora na\u0107i izlaz iz te situacije.<\/p>\n<p>\u201cUkoliko nema dogovora, kao rje\u0161enje su mogu\u0107i i izbori \u201cposredstvom me\u0111unarodne zajednice\u201d, kazao je Kne\u017eevi\u0107 novinarima.<\/p>\n<p>Njegov kolega iz DF-a i predsjednik Nove srpske demokratije Andrija Mandi\u0107 je rekao da je ta partija spremna za dogovor, te da je Crnoj Gori potrebna stabilna i jaka Vlada koja \u0107e za prioritete imati popravljanje ekonomske situacije i obra\u010dun sa organizovanim kriminalom.<\/p>\n<p>Predsjednik Socijalisti\u010dke narodne partije (SNP) Vladimir Jokovi\u0107 je izjavio da je premijer, ve\u0107ina partija i dio ministara za rekonstrukciju Vlade.<\/p>\n<p>Pokret za promjene (PzP) je <a href=\"https:\/\/www.pcnen.com\/portal\/2021\/10\/01\/pzp-trazi-da-medojevic-bude-potpredsjednik-vlade-zaduzen-za-bezbjednost-tuzilastvo-i-pravosude\/\">ponudio svog predsjednika Neboj\u0161u Medojevi\u0107a z<\/a>a potpredsjednika Vlade za demokratsku tranziciju. Time bi se objedinio sektor bezbjednosti sa tu\u017eila\u010dkim i pravosudnim, saop\u0161tio je potpredsjednik PzP-a Branko Radulovi\u0107.<\/p>\n<p>Prvog dana konsultacija, Krivokapi\u0107 je razgovara i sa predstavnicima Prave Crne Gore, Ujedinjene Crne Gore i Radni\u010dke partije.<\/p>\n<p>Vladaju\u0107a koalicija ima zajedno 41 od ukupno 81 poslanika u Parlamentu, a tu ve\u0107inu su na osvojili DF, Demokrate i gra\u0111anski pokret URA. Time je nakon tri decenije, Demokratska partija socijalista pre\u0161la u opoziciju.<\/p>\n<p>Lideri pobjedni\u010dkih koalicija su 9.septembra potpisali Sporazum o principima nove vlasti, koji podrazumijevaju saradnju sa NATO savezom, nastavak evropskih integracija, neupitnost priznanja Kosova i crnogorskih dr\u017eavnih simbola.<\/p>\n<p>Razgovor Krivokapi\u0107a sa predstavnicima URA i Demokrata je najavljen za sjutra, 2.oktobra.<\/p>\n<p>Demokratski front i Demokrate su ranije dogovorili da je potrebno da rekonstruisana Vlada ima 18, umjesto dosada\u0161njih 12 resora, kao i tri potpredsjednika.<\/p>\n<p>U tom dogovoru nije u\u010destvovala najmanja \u010dlanica vladaju\u0107e koalicije URA, iz koje je poru\u010deno da se oni zala\u017eu za ekspertsku Vladu.<\/p>\n<p>Potpredsjednik Vlade i lider GP URA Dritan Abazovi\u0107 je izjavio da \u0107e ti stavovi biti ponovljeni i u razgovoru sa Krivokapi\u0107em.<\/p>\n<p>\u201cMi smo se davno izjasnili, prije drugih, i sa nama su uvijek \u010dista posla. Nisam siguran da \u0107e taj sastanak donijeti neke velike novitete&#8221;, kazao je Abazovi\u0107.<\/p>\n<p>Predstavnici manjinskih naroda nisu pozvani na razgovor.<\/p>\n<p>Premijer \u0107e podr\u017eati dogovor i kompromis iza kojeg stoji 41 poslanik parlamentarne ve\u0107ine, \u0161to je uslov za uspostavljanje politi\u010dke stabilnosti, saop\u0161teno je iz Krivokapi\u0107evog kabineta.<\/p>\n","protected":false},"excerpt":{"rendered":"<p>Razgovor Krivokapi\u0107a sa predstavnicima URA i Demokrata je najavljen za sjutra, 2.oktobra<\/p>\n","protected":false},"author":1,"featured_media":306187,"comment_status":"open","ping_status":"closed","sticky":false,"template":"","format":"standard","meta":{"_seopress_robots_primary_cat":"","_seopress_titles_title":"","_seopress_titles_desc":"","_seopress_robots_index":"","_et_pb_use_builder":"","_et_pb_old_content":"","_et_gb_content_width":"","inline_featured_image":false,"footnotes":""},"categories":[14],"tags":[],"class_list":["post-329215","post","type-post","status-publish","format-standard","has-post-thumbnail","hentry","category-vijesti"],"_links":{"self":[{"href":"https:\/\/www.pcnen.com\/portal\/wp-json\/wp\/v2\/posts\/329215","targetHints":{"allow":["GET"]}}],"collection":[{"href":"https:\/\/www.pcnen.com\/portal\/wp-json\/wp\/v2\/posts"}],"about":[{"href":"https:\/\/www.pcnen.com\/portal\/wp-json\/wp\/v2\/types\/post"}],"author":[{"embeddable":true,"href":"https:\/\/www.pcnen.com\/portal\/wp-json\/wp\/v2\/users\/1"}],"replies":[{"embeddable":true,"href":"https:\/\/www.pcnen.com\/portal\/wp-json\/wp\/v2\/comments?post=329215"}],"version-history":[{"count":2,"href":"https:\/\/www.pcnen.com\/portal\/wp-json\/wp\/v2\/posts\/329215\/revisions"}],"predecessor-version":[{"id":329217,"href":"https:\/\/www.pcnen.com\/portal\/wp-json\/wp\/v2\/posts\/329215\/revisions\/329217"}],"wp:featuredmedia":[{"embeddable":true,"href":"https:\/\/www.pcnen.com\/portal\/wp-json\/wp\/v2\/media\/306187"}],"wp:attachment":[{"href":"https:\/\/www.pcnen.com\/portal\/wp-json\/wp\/v2\/media?parent=329215"}],"wp:term":[{"taxonomy":"category","embeddable":true,"href":"https:\/\/www.pcnen.com\/portal\/wp-json\/wp\/v2\/categories?post=329215"},{"taxonomy":"post_tag","embeddable":true,"href":"https:\/\/www.pcnen.com\/portal\/wp-json\/wp\/v2\/tags?post=329215"}],"curies":[{"name":"wp","href":"https:\/\/api.w.org\/{rel}","templated":true}]}}