{"id":329203,"date":"2021-10-01T13:12:05","date_gmt":"2021-10-01T11:12:05","guid":{"rendered":"https:\/\/www.pcnen.com\/portal\/?p=329203"},"modified":"2021-10-01T13:12:05","modified_gmt":"2021-10-01T11:12:05","slug":"pzp-trazi-da-medojevic-bude-potpredsjednik-vlade-zaduzen-za-bezbjednost-tuzilastvo-i-pravosude","status":"publish","type":"post","link":"https:\/\/www.pcnen.com\/portal\/2021\/10\/01\/pzp-trazi-da-medojevic-bude-potpredsjednik-vlade-zaduzen-za-bezbjednost-tuzilastvo-i-pravosude\/","title":{"rendered":"PZP tra\u017ei da Medojevi\u0107 bude potpredsjednik Vlade zadu\u017een za bezbjednost, tu\u017eila\u0161tvo i pravosu\u0111e"},"content":{"rendered":"<p>On je, nakon razgovora sa premijerom Zdravkom Krivokapi\u0107em u zgradi Vlade, novinarima kazao da bi to mjesto trebalo da pripadne Neboj\u0161i Medojevi\u0107u.<\/p>\n<p>Objasnio je da bi potpredsjedni\u010dko mjesto objedinilo sektor bezbjednosti, tuzila\u010dki i pravosudni, rekav\u0161i da je to &#8220;najte\u017ee potpredsjedni\u010dko mjesto&#8221;, prenosi portal Vijesti.<\/p>\n<p>On je rekao da je premijer odgovorio da \u0107e razmisliti o tom predlogu.<\/p>\n","protected":false},"excerpt":{"rendered":"<p>Pokret za promjene je ponudio da u rekonstruisanoj Vladi dobije potpredsjedni\u010dko mjesto za demokratsku tranziciju, rekao je \u0161ef poslani\u010dkog kluba te partije Branko Radulovi\u0107.<\/p>\n","protected":false},"author":1,"featured_media":276113,"comment_status":"open","ping_status":"closed","sticky":false,"template":"","format":"standard","meta":{"_seopress_robots_primary_cat":"","_seopress_titles_title":"","_seopress_titles_desc":"","_seopress_robots_index":"","_et_pb_use_builder":"","_et_pb_old_content":"","_et_gb_content_width":"","inline_featured_image":false,"footnotes":""},"categories":[14],"tags":[],"class_list":["post-329203","post","type-post","status-publish","format-standard","has-post-thumbnail","hentry","category-vijesti"],"_links":{"self":[{"href":"https:\/\/www.pcnen.com\/portal\/wp-json\/wp\/v2\/posts\/329203","targetHints":{"allow":["GET"]}}],"collection":[{"href":"https:\/\/www.pcnen.com\/portal\/wp-json\/wp\/v2\/posts"}],"about":[{"href":"https:\/\/www.pcnen.com\/portal\/wp-json\/wp\/v2\/types\/post"}],"author":[{"embeddable":true,"href":"https:\/\/www.pcnen.com\/portal\/wp-json\/wp\/v2\/users\/1"}],"replies":[{"embeddable":true,"href":"https:\/\/www.pcnen.com\/portal\/wp-json\/wp\/v2\/comments?post=329203"}],"version-history":[{"count":1,"href":"https:\/\/www.pcnen.com\/portal\/wp-json\/wp\/v2\/posts\/329203\/revisions"}],"predecessor-version":[{"id":329204,"href":"https:\/\/www.pcnen.com\/portal\/wp-json\/wp\/v2\/posts\/329203\/revisions\/329204"}],"wp:featuredmedia":[{"embeddable":true,"href":"https:\/\/www.pcnen.com\/portal\/wp-json\/wp\/v2\/media\/276113"}],"wp:attachment":[{"href":"https:\/\/www.pcnen.com\/portal\/wp-json\/wp\/v2\/media?parent=329203"}],"wp:term":[{"taxonomy":"category","embeddable":true,"href":"https:\/\/www.pcnen.com\/portal\/wp-json\/wp\/v2\/categories?post=329203"},{"taxonomy":"post_tag","embeddable":true,"href":"https:\/\/www.pcnen.com\/portal\/wp-json\/wp\/v2\/tags?post=329203"}],"curies":[{"name":"wp","href":"https:\/\/api.w.org\/{rel}","templated":true}]}}