{"id":32920,"date":"2009-11-25T22:04:07","date_gmt":"2009-11-25T22:04:07","guid":{"rendered":"http:\/\/www.pcnen.com\/portal\/?p=32920"},"modified":"2009-11-25T22:04:07","modified_gmt":"2009-11-25T22:04:07","slug":"kanal-5-grci-ukinuli-vize-makedoncima","status":"publish","type":"post","link":"https:\/\/www.pcnen.com\/portal\/2009\/11\/25\/kanal-5-grci-ukinuli-vize-makedoncima\/","title":{"rendered":"Kanal 5: Grci ukinuli vize Makedoncima"},"content":{"rendered":"<p>Gr\u010dka i Evropska komisija parafirale su protokol na osnovu kojeg \u0107e makedonski gra\u0111ani putovati bez viza u Gr\u010dku, javila je ve\u010deras makedonska televizija <em>Kanal 5<\/em> pozivaju\u0107i se na neimenovane gr\u010dke diplomatske izvore.<\/p>\n<p>Kako prenosi RSE, rje&scaron;enje koje je gr\u010dko Ministarstvo spoljnih poslova dogovorilo sa predstavnicima Odjeljenja pravde i unutra&scaron;njih poslova u Evropskoj komisiji u Briselu predvi\u0111a da od 30. novembra gra\u0111ani Makedonije u Gr\u010dku putuju bez viza, koje su do sada izdavane u konzulatima u Skoplju i Bitolju.<\/p>\n","protected":false},"excerpt":{"rendered":"<p>Gr\u010dka i Evropska komisija parafirale su protokol na osnovu kojeg \u0107e makedonski gra\u0111ani putovati bez viza u Gr\u010dku, javila je ve\u010deras makedonska televizija Kanal 5 pozivaju\u0107i se na neimenovane gr\u010dke diplomatske izvore. Kako prenosi RSE, rje&scaron;enje koje je gr\u010dko Ministarstvo spoljnih poslova dogovorilo sa predstavnicima Odjeljenja pravde i unutra&scaron;njih poslova u Evropskoj komisiji u Briselu [&hellip;]<\/p>\n","protected":false},"author":1,"featured_media":0,"comment_status":"open","ping_status":"closed","sticky":false,"template":"","format":"standard","meta":{"_seopress_robots_primary_cat":"","_seopress_titles_title":"","_seopress_titles_desc":"","_seopress_robots_index":"","_et_pb_use_builder":"","_et_pb_old_content":"","_et_gb_content_width":"","inline_featured_image":false,"footnotes":""},"categories":[14],"tags":[],"class_list":["post-32920","post","type-post","status-publish","format-standard","hentry","category-vijesti"],"_links":{"self":[{"href":"https:\/\/www.pcnen.com\/portal\/wp-json\/wp\/v2\/posts\/32920","targetHints":{"allow":["GET"]}}],"collection":[{"href":"https:\/\/www.pcnen.com\/portal\/wp-json\/wp\/v2\/posts"}],"about":[{"href":"https:\/\/www.pcnen.com\/portal\/wp-json\/wp\/v2\/types\/post"}],"author":[{"embeddable":true,"href":"https:\/\/www.pcnen.com\/portal\/wp-json\/wp\/v2\/users\/1"}],"replies":[{"embeddable":true,"href":"https:\/\/www.pcnen.com\/portal\/wp-json\/wp\/v2\/comments?post=32920"}],"version-history":[{"count":0,"href":"https:\/\/www.pcnen.com\/portal\/wp-json\/wp\/v2\/posts\/32920\/revisions"}],"wp:attachment":[{"href":"https:\/\/www.pcnen.com\/portal\/wp-json\/wp\/v2\/media?parent=32920"}],"wp:term":[{"taxonomy":"category","embeddable":true,"href":"https:\/\/www.pcnen.com\/portal\/wp-json\/wp\/v2\/categories?post=32920"},{"taxonomy":"post_tag","embeddable":true,"href":"https:\/\/www.pcnen.com\/portal\/wp-json\/wp\/v2\/tags?post=32920"}],"curies":[{"name":"wp","href":"https:\/\/api.w.org\/{rel}","templated":true}]}}