{"id":32917,"date":"2009-11-25T18:01:24","date_gmt":"2009-11-25T18:01:24","guid":{"rendered":"http:\/\/www.pcnen.com\/portal\/?p=32917"},"modified":"2009-11-25T18:01:24","modified_gmt":"2009-11-25T18:01:24","slug":"veljovic-pratimo-izjave-knezevica","status":"publish","type":"post","link":"https:\/\/www.pcnen.com\/portal\/2009\/11\/25\/veljovic-pratimo-izjave-knezevica\/","title":{"rendered":"Veljovi\u0107: Pratimo izjave Kne\u017eevi\u0107a"},"content":{"rendered":"<p>Direktor srpske policije Milorad Veljovi\u0107 rekao je danas da policija prati optu\u017ebe koje o Stanku Suboti\u0107u i crnogorskom dr\u017eavnom vrhu iznosi biznismen Ratko Kne\u017eevi\u0107, i da akcija &quot;Morava&quot;, u kojoj su uhap&scaron;eni pojedini srpski narko dileri, tek po\u010dinje. <\/p>\n<p>&quot;Kroz &lsquo;Moravu&#8217; se pribli\u017eavamo glavnim narko-bosovima na ovim prostorima, i &scaron;ire. Onog trenutka kada budemo do&scaron;li do samog vrha, akcija &lsquo;Morava&#8217; \u0107e da poka\u017ee svoje pravo lice&quot;, kazao je Veljovi\u0107. <\/p>\n<p>On je dodao da, iako se u javnosti stalno pominju veze narko mafije sa crnogorskim dr\u017eavnim vrhom, policija ne\u0107e objavljivati nikakva imena tokom istrage. <\/p>\n<p>U intervjuu za <em>B92,<\/em> Kne\u017eevi\u0107 je poru\u010dio da je spreman da o svim svojim tvrdnjama svjedo\u010di pred pravosu\u0111em Srbije. <\/p>\n<p>Kne\u017eevi\u0107 je rekao da je spreman da svoje usluge ponudi pravosu\u0111u Srbije, a ka\u017ee i da je sa specijalnim tu\u017eiocem za organizovani kriminal ve\u0107 razgovarao o duvanskim mafijama sa ovih prostora. <\/p>\n<p>Kako prenosi B92, jedan od rijetkih koji potvr\u0111uje neke od tvrdnji Ratka Kne\u017eevi\u0107a je lider Pokreta za promjene Neboj&scaron;a Medojevi\u0107. <\/p>\n<p>On je rekao da je sa Kne\u017eevi\u0107em razmjenjivao podatke koje je dobijao iz diplomatskih krugova i bezbijednosnih struktura Crne Gore o zajedni\u010dkim poslovima Stanka Suboti\u0107a i do skoro nepoznatih crnogorskih biznismena bra\u0107e &Scaron;ari\u0107. <\/p>\n<p>Medojevi\u0107, koji je premijera Mila \u0110ukanovi\u0107a, nazvao &quot;&scaron;efom te kriminalne organizacije&quot;, rekao je i da zna da policije u regionu vode istrage na osnovu sumnje da &Scaron;ari\u0107i stoje iza kokainskog kartela koji djeluje u Evropi. <\/p>\n","protected":false},"excerpt":{"rendered":"<p>Direktor srpske policije Milorad Veljovi\u0107 rekao je danas da policija prati optu\u017ebe koje o Stanku Suboti\u0107u i crnogorskom dr\u017eavnom vrhu iznosi biznismen Ratko Kne\u017eevi\u0107, i da akcija &quot;Morava&quot;, u kojoj su uhap&scaron;eni pojedini srpski narko dileri, tek po\u010dinje. &quot;Kroz &lsquo;Moravu&#8217; se pribli\u017eavamo glavnim narko-bosovima na ovim prostorima, i &scaron;ire. Onog trenutka kada budemo do&scaron;li do [&hellip;]<\/p>\n","protected":false},"author":1,"featured_media":0,"comment_status":"open","ping_status":"closed","sticky":false,"template":"","format":"standard","meta":{"_seopress_robots_primary_cat":"","_seopress_titles_title":"","_seopress_titles_desc":"","_seopress_robots_index":"","_et_pb_use_builder":"","_et_pb_old_content":"","_et_gb_content_width":"","inline_featured_image":false,"footnotes":""},"categories":[14],"tags":[],"class_list":["post-32917","post","type-post","status-publish","format-standard","hentry","category-vijesti"],"_links":{"self":[{"href":"https:\/\/www.pcnen.com\/portal\/wp-json\/wp\/v2\/posts\/32917","targetHints":{"allow":["GET"]}}],"collection":[{"href":"https:\/\/www.pcnen.com\/portal\/wp-json\/wp\/v2\/posts"}],"about":[{"href":"https:\/\/www.pcnen.com\/portal\/wp-json\/wp\/v2\/types\/post"}],"author":[{"embeddable":true,"href":"https:\/\/www.pcnen.com\/portal\/wp-json\/wp\/v2\/users\/1"}],"replies":[{"embeddable":true,"href":"https:\/\/www.pcnen.com\/portal\/wp-json\/wp\/v2\/comments?post=32917"}],"version-history":[{"count":0,"href":"https:\/\/www.pcnen.com\/portal\/wp-json\/wp\/v2\/posts\/32917\/revisions"}],"wp:attachment":[{"href":"https:\/\/www.pcnen.com\/portal\/wp-json\/wp\/v2\/media?parent=32917"}],"wp:term":[{"taxonomy":"category","embeddable":true,"href":"https:\/\/www.pcnen.com\/portal\/wp-json\/wp\/v2\/categories?post=32917"},{"taxonomy":"post_tag","embeddable":true,"href":"https:\/\/www.pcnen.com\/portal\/wp-json\/wp\/v2\/tags?post=32917"}],"curies":[{"name":"wp","href":"https:\/\/api.w.org\/{rel}","templated":true}]}}