{"id":329160,"date":"2021-09-30T21:09:24","date_gmt":"2021-09-30T19:09:24","guid":{"rendered":"https:\/\/www.pcnen.com\/portal\/?p=329160"},"modified":"2021-09-30T21:28:56","modified_gmt":"2021-09-30T19:28:56","slug":"posmrtni-ostaci-albanaca-iz-masovne-grobnice-u-srbiji-predati-kosovu-video","status":"publish","type":"post","link":"https:\/\/www.pcnen.com\/portal\/2021\/09\/30\/posmrtni-ostaci-albanaca-iz-masovne-grobnice-u-srbiji-predati-kosovu-video\/","title":{"rendered":"Posmrtni ostaci Albanaca iz masovne grobnice u Srbiji predati Kosovu (video)"},"content":{"rendered":"<p>Posmrtni ostaci sedam osoba albanske nacionalnosti, ekshumiranih na lokaciji Ki\u017eevak u Srbiji, predati su delegaciji Kosova na grani\u010dnom prelazu Merdare 30. septembra, saop\u0161tio je Komesarijat za izbeglice Srbije.<\/p>\n<p>Kako je saop\u0161teno, na prelazu Merdare ura\u0111ena je i reasocijacija posmrtnih ostataka za dva lica &#8211; odnosno spajanje posmrtnih ostataka.<\/p>\n<p>Komesarijat Srbije je saop\u0161tio da \u0107e delegacija Kosova identifikovane posmrtne ostatke predati porodicama radi sahrane.<\/p>\n<p>Na prelazu Merdare sa kosovske strane bili su prisutni brojni \u010dlanovi porodice ubijenih Albanaca i gra\u0111ani, kao i premijer Kosova Aljbin Kurti.<\/p>\n<p>Da je u masovnoj grobnici na lokaciji Ki\u017eevak kod Ra\u0161ke na jugu Srbije ekshumirano najmanje devet posmrtnih ostataka kosovskih Albanaca, Vlada Kosova je saop\u0161tila 26. maja ove godine.<\/p>\n<p>Lokacija Ki\u017eevak, na jugu Srbije kod Ra\u0161ke, peta je masovna grobnica koja je otkrivena na teritoriji Srbije, a sumnja se da se u njoj nalazi vi\u0161e od 18 tijela ubijenih Albanaca tokom rata 1999. Godine, prenosi RSE.<\/p>\n<p>Prema podacima koje je na osnovu izvje\u0161taja UNMIK-ove Kancelarije za nestala lica i sudsku medicinu objavila nevladina organizacija Fond za humanitarno pravo, od 2001. godine na teritoriji Srbije na \u010detiri lokacije otkrivene su masovne grobnice sa 941 tijelom Albanaca ubijenih na Kosovu 1999.<\/p>\n<p>Podaci nevladine organizacije Fond za humanitarno pravo pokazuju da se od sukoba na Kosovu 1998-1999. godine, vi\u0161e od 1.600 osoba vodi kao nestalo, ve\u0107inom albanske nacionalnosti.<\/p>\n<p>U Srbiji do danas niko nije odgovarao za operaciju skrivanja tijela kosovskih Albanaca u masovnim grobnicama.<\/p>\n<p><iframe loading=\"lazy\" src=\"https:\/\/www.slobodnaevropa.org\/embed\/player\/0\/30984259.html?type=video\" width=\"640\" height=\"360\" frameborder=\"0\" scrolling=\"no\" allowfullscreen=\"allowfullscreen\"><\/iframe><\/p>\n","protected":false},"excerpt":{"rendered":"<p>U Srbiji do danas niko nije odgovarao za operaciju skrivanja tijela kosovskih Albanaca u masovnim grobnicama<\/p>\n","protected":false},"author":1,"featured_media":329161,"comment_status":"open","ping_status":"closed","sticky":false,"template":"","format":"standard","meta":{"_seopress_robots_primary_cat":"","_seopress_titles_title":"","_seopress_titles_desc":"","_seopress_robots_index":"","_et_pb_use_builder":"","_et_pb_old_content":"","_et_gb_content_width":"","inline_featured_image":false,"footnotes":""},"categories":[14],"tags":[],"class_list":["post-329160","post","type-post","status-publish","format-standard","has-post-thumbnail","hentry","category-vijesti"],"_links":{"self":[{"href":"https:\/\/www.pcnen.com\/portal\/wp-json\/wp\/v2\/posts\/329160","targetHints":{"allow":["GET"]}}],"collection":[{"href":"https:\/\/www.pcnen.com\/portal\/wp-json\/wp\/v2\/posts"}],"about":[{"href":"https:\/\/www.pcnen.com\/portal\/wp-json\/wp\/v2\/types\/post"}],"author":[{"embeddable":true,"href":"https:\/\/www.pcnen.com\/portal\/wp-json\/wp\/v2\/users\/1"}],"replies":[{"embeddable":true,"href":"https:\/\/www.pcnen.com\/portal\/wp-json\/wp\/v2\/comments?post=329160"}],"version-history":[{"count":3,"href":"https:\/\/www.pcnen.com\/portal\/wp-json\/wp\/v2\/posts\/329160\/revisions"}],"predecessor-version":[{"id":329164,"href":"https:\/\/www.pcnen.com\/portal\/wp-json\/wp\/v2\/posts\/329160\/revisions\/329164"}],"wp:featuredmedia":[{"embeddable":true,"href":"https:\/\/www.pcnen.com\/portal\/wp-json\/wp\/v2\/media\/329161"}],"wp:attachment":[{"href":"https:\/\/www.pcnen.com\/portal\/wp-json\/wp\/v2\/media?parent=329160"}],"wp:term":[{"taxonomy":"category","embeddable":true,"href":"https:\/\/www.pcnen.com\/portal\/wp-json\/wp\/v2\/categories?post=329160"},{"taxonomy":"post_tag","embeddable":true,"href":"https:\/\/www.pcnen.com\/portal\/wp-json\/wp\/v2\/tags?post=329160"}],"curies":[{"name":"wp","href":"https:\/\/api.w.org\/{rel}","templated":true}]}}